{"id":89450,"date":"2019-10-23T00:00:00","date_gmt":"2019-10-23T03:00:00","guid":{"rendered":"http:\/\/127.0.0.1\/acs\/a-quinta-semana-municipal-de-ciencia-e-tecnologia-de-santos-vai-ate-domingo-santatv-23-10-2019\/"},"modified":"2019-10-23T00:00:00","modified_gmt":"2019-10-23T03:00:00","slug":"a-quinta-semana-municipal-de-ciencia-e-tecnologia-de-santos-vai-ate-domingo-santatv-23-10-2019","status":"publish","type":"post","link":"https:\/\/acs.org.br\/academy\/a-quinta-semana-municipal-de-ciencia-e-tecnologia-de-santos-vai-ate-domingo-santatv-23-10-2019\/","title":{"rendered":"A quinta semana municipal de ci\u00eancia e tecnologia de Santos vai at\u00e9 domingo &#8211; SantaTV &#8211; 23\/10\/2019"},"content":{"rendered":"<p>Fonte: TV Santa Cecilia<\/p>\n<p>A quinta semana municipal de ci\u00eancia e tecnologia de Santos vai at\u00e9 domingo com o tema &#8220;bioeconomia, diversidade e riqueza para o desenvolvimento sustent\u00e1vel&#8221;<\/p>\n<p><a href=\"http:\/\/127.0.0.1\/acs\/wp-content\/uploads\/2019\/10\/PDF_2019_OUTUBRO_SEMANATECNO-SANTAPORTAL-23.pdf\" target=\"_blank\" rel=\"noopener\">LEIA MAIS&#8230;<\/a><\/p>\n<p><a target=\"_blank\" href=\"https:\/\/www.youtube.com\/watch?v=E46jc4583RY\" rel=\"noopener\">VEJA MAIS&#8230;<\/a><\/p>\n","protected":false},"excerpt":{"rendered":"<p>Fonte: TV Santa Cecilia A quinta semana municipal de ci\u00eancia e tecnologia de Santos vai at\u00e9 domingo com o tema &#8220;bioeconomia, diversidade e riqueza para o desenvolvimento sustent\u00e1vel&#8221; LEIA MAIS&#8230; VEJA MAIS&#8230;<\/p>\n","protected":false},"author":1,"featured_media":0,"comment_status":"open","ping_status":"open","sticky":false,"template":"","format":"standard","meta":{"footnotes":""},"categories":[98],"tags":[],"_links":{"self":[{"href":"https:\/\/acs.org.br\/academy\/wp-json\/wp\/v2\/posts\/89450"}],"collection":[{"href":"https:\/\/acs.org.br\/academy\/wp-json\/wp\/v2\/posts"}],"about":[{"href":"https:\/\/acs.org.br\/academy\/wp-json\/wp\/v2\/types\/post"}],"author":[{"embeddable":true,"href":"https:\/\/acs.org.br\/academy\/wp-json\/wp\/v2\/users\/1"}],"replies":[{"embeddable":true,"href":"https:\/\/acs.org.br\/academy\/wp-json\/wp\/v2\/comments?post=89450"}],"version-history":[{"count":0,"href":"https:\/\/acs.org.br\/academy\/wp-json\/wp\/v2\/posts\/89450\/revisions"}],"wp:attachment":[{"href":"https:\/\/acs.org.br\/academy\/wp-json\/wp\/v2\/media?parent=89450"}],"wp:term":[{"taxonomy":"category","embeddable":true,"href":"https:\/\/acs.org.br\/academy\/wp-json\/wp\/v2\/categories?post=89450"},{"taxonomy":"post_tag","embeddable":true,"href":"https:\/\/acs.org.br\/academy\/wp-json\/wp\/v2\/tags?post=89450"}],"curies":[{"name":"wp","href":"https:\/\/api.w.org\/{rel}","templated":true}]}}