{"id":89444,"date":"2019-10-14T00:00:00","date_gmt":"2019-10-14T03:00:00","guid":{"rendered":"http:\/\/127.0.0.1\/acs\/semana-de-ciencia-e-tecnologia-de-santos-tera-eventos-de-inovacao-e-empreendedorismo-pms-14-10-2019\/"},"modified":"2019-10-14T00:00:00","modified_gmt":"2019-10-14T03:00:00","slug":"semana-de-ciencia-e-tecnologia-de-santos-tera-eventos-de-inovacao-e-empreendedorismo-pms-14-10-2019","status":"publish","type":"post","link":"https:\/\/acs.org.br\/academy\/semana-de-ciencia-e-tecnologia-de-santos-tera-eventos-de-inovacao-e-empreendedorismo-pms-14-10-2019\/","title":{"rendered":"Semana de Ci\u00eancia e Tecnologia de Santos ter\u00e1 eventos de inova\u00e7\u00e3o e empreendedorismo &#8211; PMS &#8211; 14\/10\/2019"},"content":{"rendered":"<p>Fonte: Prefeitura de Santos<\/p>\n<p>Quem curte a\u00e7\u00f5es e debates relacionados ao empreendedorismo e \u00e0 tecnologia tem programa certo neste m\u00eas de outubro com a 5\u00aa Semana Municipal de Ci\u00eancia e Tecnologia de Santos (SMCT).<\/p>\n<p><a target=\"_blank\" href=\"http:\/\/127.0.0.1\/acs\/wp-content\/uploads\/2019\/10\/PDF_2019_OUTUBRO_SEMANATECNO-PMS-14.pdf\" rel=\"noopener\">LEIA MAIS&#8230;<\/a><\/p>\n<p>\u00a0<\/p>\n","protected":false},"excerpt":{"rendered":"<p>Fonte: Prefeitura de Santos Quem curte a\u00e7\u00f5es e debates relacionados ao empreendedorismo e \u00e0 tecnologia tem programa certo neste m\u00eas de outubro com a 5\u00aa Semana Municipal de Ci\u00eancia e Tecnologia de Santos (SMCT). LEIA MAIS&#8230; \u00a0<\/p>\n","protected":false},"author":1,"featured_media":0,"comment_status":"open","ping_status":"open","sticky":false,"template":"","format":"standard","meta":{"footnotes":""},"categories":[98],"tags":[],"_links":{"self":[{"href":"https:\/\/acs.org.br\/academy\/wp-json\/wp\/v2\/posts\/89444"}],"collection":[{"href":"https:\/\/acs.org.br\/academy\/wp-json\/wp\/v2\/posts"}],"about":[{"href":"https:\/\/acs.org.br\/academy\/wp-json\/wp\/v2\/types\/post"}],"author":[{"embeddable":true,"href":"https:\/\/acs.org.br\/academy\/wp-json\/wp\/v2\/users\/1"}],"replies":[{"embeddable":true,"href":"https:\/\/acs.org.br\/academy\/wp-json\/wp\/v2\/comments?post=89444"}],"version-history":[{"count":0,"href":"https:\/\/acs.org.br\/academy\/wp-json\/wp\/v2\/posts\/89444\/revisions"}],"wp:attachment":[{"href":"https:\/\/acs.org.br\/academy\/wp-json\/wp\/v2\/media?parent=89444"}],"wp:term":[{"taxonomy":"category","embeddable":true,"href":"https:\/\/acs.org.br\/academy\/wp-json\/wp\/v2\/categories?post=89444"},{"taxonomy":"post_tag","embeddable":true,"href":"https:\/\/acs.org.br\/academy\/wp-json\/wp\/v2\/tags?post=89444"}],"curies":[{"name":"wp","href":"https:\/\/api.w.org\/{rel}","templated":true}]}}