{"id":89309,"date":"2019-10-21T00:00:00","date_gmt":"2019-10-21T03:00:00","guid":{"rendered":"http:\/\/127.0.0.1\/acs\/cadastro-positivo-e-abordado-em-encontro-de-associacoes-comerciais-tvtri-jt2-21-10-2019\/"},"modified":"2019-10-21T00:00:00","modified_gmt":"2019-10-21T03:00:00","slug":"cadastro-positivo-e-abordado-em-encontro-de-associacoes-comerciais-tvtri-jt2-21-10-2019","status":"publish","type":"post","link":"https:\/\/acs.org.br\/academy\/cadastro-positivo-e-abordado-em-encontro-de-associacoes-comerciais-tvtri-jt2-21-10-2019\/","title":{"rendered":"Cadastro positivo \u00e9 abordado em Encontro de Associa\u00e7\u00f5es Comerciais &#8211; TVTRI JT2 &#8211; 21\/10\/2019"},"content":{"rendered":"<p>Fonte: TVTRI &#8211; Jornal da Tribuna 2\u00aa edi\u00e7\u00e3o<\/p>\n<p>Assunto foi abordado em evento que ocorreu nesta segunda-feira (21), na Associa\u00e7\u00e3o Comercial de Santos (ACS).<\/p>\n<p><a target=\"_blank\" href=\"http:\/\/127.0.0.1\/acs\/wp-content\/uploads\/2019\/10\/PDF_2019_OUTUBRO_ENCONTROFACESP-TVTRI-JT2-21.pdf\" rel=\"noopener\">LEIA MAIS&#8230;<\/a><\/p>\n<p><a href=\"http:\/\/g1.globo.com\/sp\/santos-regiao\/jornal-tribuna-2edicao\/videos\/t\/edicoes\/v\/cadastro-positivo-e-abordado-em-encontro-de-associacoes-comerciais\/8022887\/\" target=\"_blank\" rel=\"noopener\">VEJA MAIS&#8230;<\/a><\/p>\n","protected":false},"excerpt":{"rendered":"<p>Fonte: TVTRI &#8211; Jornal da Tribuna 2\u00aa edi\u00e7\u00e3o Assunto foi abordado em evento que ocorreu nesta segunda-feira (21), na Associa\u00e7\u00e3o Comercial de Santos (ACS). LEIA MAIS&#8230; VEJA MAIS&#8230;<\/p>\n","protected":false},"author":1,"featured_media":0,"comment_status":"open","ping_status":"open","sticky":false,"template":"","format":"standard","meta":{"footnotes":""},"categories":[98],"tags":[],"_links":{"self":[{"href":"https:\/\/acs.org.br\/academy\/wp-json\/wp\/v2\/posts\/89309"}],"collection":[{"href":"https:\/\/acs.org.br\/academy\/wp-json\/wp\/v2\/posts"}],"about":[{"href":"https:\/\/acs.org.br\/academy\/wp-json\/wp\/v2\/types\/post"}],"author":[{"embeddable":true,"href":"https:\/\/acs.org.br\/academy\/wp-json\/wp\/v2\/users\/1"}],"replies":[{"embeddable":true,"href":"https:\/\/acs.org.br\/academy\/wp-json\/wp\/v2\/comments?post=89309"}],"version-history":[{"count":0,"href":"https:\/\/acs.org.br\/academy\/wp-json\/wp\/v2\/posts\/89309\/revisions"}],"wp:attachment":[{"href":"https:\/\/acs.org.br\/academy\/wp-json\/wp\/v2\/media?parent=89309"}],"wp:term":[{"taxonomy":"category","embeddable":true,"href":"https:\/\/acs.org.br\/academy\/wp-json\/wp\/v2\/categories?post=89309"},{"taxonomy":"post_tag","embeddable":true,"href":"https:\/\/acs.org.br\/academy\/wp-json\/wp\/v2\/tags?post=89309"}],"curies":[{"name":"wp","href":"https:\/\/api.w.org\/{rel}","templated":true}]}}