{"id":89307,"date":"2019-10-21T00:00:00","date_gmt":"2019-10-21T03:00:00","guid":{"rendered":"http:\/\/127.0.0.1\/acs\/representantes-de-associacoes-comerciais-de-sp-discutem-o-credito-positivo-tvtri-jt1-21-10-2019\/"},"modified":"2019-10-21T00:00:00","modified_gmt":"2019-10-21T03:00:00","slug":"representantes-de-associacoes-comerciais-de-sp-discutem-o-credito-positivo-tvtri-jt1-21-10-2019","status":"publish","type":"post","link":"https:\/\/acs.org.br\/academy\/representantes-de-associacoes-comerciais-de-sp-discutem-o-credito-positivo-tvtri-jt1-21-10-2019\/","title":{"rendered":"Representantes de associa\u00e7\u00f5es comerciais de SP discutem o Cr\u00e9dito Positivo &#8211; TVTRI JT1 &#8211; 21\/10\/2019"},"content":{"rendered":"<p>Fonte: TVTRI &#8211; Jornal da Tribuna 1\u00aa edi\u00e7\u00e3o<\/p>\n<p>Reuni\u00e3o aconteceu no audit\u00f3rio da Associa\u00e7\u00e3o Comercial de Santos.<\/p>\n<p><a href=\"http:\/\/127.0.0.1\/acs\/wp-content\/uploads\/2019\/10\/PDF_2019_OUTUBRO_ENCONTROFACESP-TVTRI-JT1-21.pdf\" target=\"_blank\" rel=\"noopener\">LEIA MAIS&#8230;<\/a>&nbsp;<\/p>\n<p><a href=\"https:\/\/globoplay.globo.com\/v\/8021968\/programa\/\" target=\"_blank\" rel=\"noopener\">VEJA MAIS&#8230;<\/a><\/p>\n","protected":false},"excerpt":{"rendered":"<p>Fonte: TVTRI &#8211; Jornal da Tribuna 1\u00aa edi\u00e7\u00e3o Reuni\u00e3o aconteceu no audit\u00f3rio da Associa\u00e7\u00e3o Comercial de Santos. LEIA MAIS&#8230;&nbsp; VEJA MAIS&#8230;<\/p>\n","protected":false},"author":1,"featured_media":0,"comment_status":"open","ping_status":"open","sticky":false,"template":"","format":"standard","meta":{"footnotes":""},"categories":[98],"tags":[],"_links":{"self":[{"href":"https:\/\/acs.org.br\/academy\/wp-json\/wp\/v2\/posts\/89307"}],"collection":[{"href":"https:\/\/acs.org.br\/academy\/wp-json\/wp\/v2\/posts"}],"about":[{"href":"https:\/\/acs.org.br\/academy\/wp-json\/wp\/v2\/types\/post"}],"author":[{"embeddable":true,"href":"https:\/\/acs.org.br\/academy\/wp-json\/wp\/v2\/users\/1"}],"replies":[{"embeddable":true,"href":"https:\/\/acs.org.br\/academy\/wp-json\/wp\/v2\/comments?post=89307"}],"version-history":[{"count":0,"href":"https:\/\/acs.org.br\/academy\/wp-json\/wp\/v2\/posts\/89307\/revisions"}],"wp:attachment":[{"href":"https:\/\/acs.org.br\/academy\/wp-json\/wp\/v2\/media?parent=89307"}],"wp:term":[{"taxonomy":"category","embeddable":true,"href":"https:\/\/acs.org.br\/academy\/wp-json\/wp\/v2\/categories?post=89307"},{"taxonomy":"post_tag","embeddable":true,"href":"https:\/\/acs.org.br\/academy\/wp-json\/wp\/v2\/tags?post=89307"}],"curies":[{"name":"wp","href":"https:\/\/api.w.org\/{rel}","templated":true}]}}