{"id":89209,"date":"2019-10-15T00:00:00","date_gmt":"2019-10-15T03:00:00","guid":{"rendered":"http:\/\/127.0.0.1\/acs\/novo-plano-de-desenvolvimento-e-zoneamento-de-santos-em-debate-a-tribuna-digital-15102019\/"},"modified":"2019-10-15T00:00:00","modified_gmt":"2019-10-15T03:00:00","slug":"novo-plano-de-desenvolvimento-e-zoneamento-de-santos-em-debate-a-tribuna-digital-15102019","status":"publish","type":"post","link":"https:\/\/acs.org.br\/academy\/novo-plano-de-desenvolvimento-e-zoneamento-de-santos-em-debate-a-tribuna-digital-15102019\/","title":{"rendered":"Novo Plano de Desenvolvimento e Zoneamento de Santos em debate &#8211; A Tribuna digital &#8211; 15\/10\/2019"},"content":{"rendered":"<p>Fonte: A Tribuna digital<\/p>\n<p>A nova vers\u00e3o do Plano de Desenvolvimento e Zoneamento (PDZ) do Porto de Santos ser\u00e1 apresentada pela Companhia Docas do Estado de S\u00e3o Paulo (Codesp) na pr\u00f3xima reuni\u00e3o do Conselho de Autoridade Portu\u00e1ria (CAP) de Santos, a ser realizada nesta quinta-feira (17), na Cidade.<\/p>\n<p><a target=\"_blank\" href=\"http:\/\/127.0.0.1\/acs\/wp-content\/uploads\/2019\/10\/PDF_2019_OUTUBRO_PDZ-TRIDIG-15.pdf\" rel=\"noopener\">LEIA MAIS&#8230;<\/a><\/p>\n<p>\u00a0<\/p>\n","protected":false},"excerpt":{"rendered":"<p>Fonte: A Tribuna digital A nova vers\u00e3o do Plano de Desenvolvimento e Zoneamento (PDZ) do Porto de Santos ser\u00e1 apresentada pela Companhia Docas do Estado de S\u00e3o Paulo (Codesp) na pr\u00f3xima reuni\u00e3o do Conselho de Autoridade Portu\u00e1ria (CAP) de Santos, a ser realizada nesta quinta-feira (17), na Cidade. LEIA MAIS&#8230; \u00a0<\/p>\n","protected":false},"author":1,"featured_media":0,"comment_status":"open","ping_status":"open","sticky":false,"template":"","format":"standard","meta":{"footnotes":""},"categories":[98],"tags":[],"_links":{"self":[{"href":"https:\/\/acs.org.br\/academy\/wp-json\/wp\/v2\/posts\/89209"}],"collection":[{"href":"https:\/\/acs.org.br\/academy\/wp-json\/wp\/v2\/posts"}],"about":[{"href":"https:\/\/acs.org.br\/academy\/wp-json\/wp\/v2\/types\/post"}],"author":[{"embeddable":true,"href":"https:\/\/acs.org.br\/academy\/wp-json\/wp\/v2\/users\/1"}],"replies":[{"embeddable":true,"href":"https:\/\/acs.org.br\/academy\/wp-json\/wp\/v2\/comments?post=89209"}],"version-history":[{"count":0,"href":"https:\/\/acs.org.br\/academy\/wp-json\/wp\/v2\/posts\/89209\/revisions"}],"wp:attachment":[{"href":"https:\/\/acs.org.br\/academy\/wp-json\/wp\/v2\/media?parent=89209"}],"wp:term":[{"taxonomy":"category","embeddable":true,"href":"https:\/\/acs.org.br\/academy\/wp-json\/wp\/v2\/categories?post=89209"},{"taxonomy":"post_tag","embeddable":true,"href":"https:\/\/acs.org.br\/academy\/wp-json\/wp\/v2\/tags?post=89209"}],"curies":[{"name":"wp","href":"https:\/\/api.w.org\/{rel}","templated":true}]}}