{"id":89016,"date":"2019-09-24T00:00:00","date_gmt":"2019-09-24T03:00:00","guid":{"rendered":"http:\/\/127.0.0.1\/acs\/a-abertura-do-i-congresso-paulista-de-direito-maritimo-e-portuario-realizado-pelo-grupo-tribuna-ocorreu-no-dia-24-de-setembro-no-auditorio-da-associacao-comercial-de-santos-acs-revista-dos-empr\/"},"modified":"2019-09-24T00:00:00","modified_gmt":"2019-09-24T03:00:00","slug":"a-abertura-do-i-congresso-paulista-de-direito-maritimo-e-portuario-realizado-pelo-grupo-tribuna-ocorreu-no-dia-24-de-setembro-no-auditorio-da-associacao-comercial-de-santos-acs-revista-dos-empr","status":"publish","type":"post","link":"https:\/\/acs.org.br\/academy\/a-abertura-do-i-congresso-paulista-de-direito-maritimo-e-portuario-realizado-pelo-grupo-tribuna-ocorreu-no-dia-24-de-setembro-no-auditorio-da-associacao-comercial-de-santos-acs-revista-dos-empr\/","title":{"rendered":"A abertura do I Congresso Paulista de Direito Mar\u00edtimo e Portu\u00e1rio, realizado pelo Grupo Tribuna, ocorreu no dia 24 de setembro, no audit\u00f3rio da Associa\u00e7\u00e3o Comercial de Santos (ACS) &#8211; Revista dos Empres\u00e1rios &#8211; 24\/09\/2019"},"content":{"rendered":"<p>Fonte: Revista dos Empres\u00e1rios<\/p>\n<p>Em seu discurso, o diretor-presidente da Associa\u00e7\u00e3o Comercial de Santos (ACS) e do Grupo A Tribuna, Roberto Clemente Santini, enfatizou a import\u00e2ncia da ACS em eventos que busca um melhor desenvolvimento da regi\u00e3o.<\/p>\n<p><a target=\"_blank\" href=\"http:\/\/127.0.0.1\/acs\/wp-content\/uploads\/2019\/09\/PDF_2019_SETEMBRO_DIREITO-REVEMPRESARIOS-24.pdf\" rel=\"noopener\">LEIA MAIS&#8230;<\/a><\/p>\n<p>\u00a0<\/p>\n","protected":false},"excerpt":{"rendered":"<p>Fonte: Revista dos Empres\u00e1rios Em seu discurso, o diretor-presidente da Associa\u00e7\u00e3o Comercial de Santos (ACS) e do Grupo A Tribuna, Roberto Clemente Santini, enfatizou a import\u00e2ncia da ACS em eventos que busca um melhor desenvolvimento da regi\u00e3o. LEIA MAIS&#8230; \u00a0<\/p>\n","protected":false},"author":1,"featured_media":0,"comment_status":"open","ping_status":"open","sticky":false,"template":"","format":"standard","meta":{"footnotes":""},"categories":[98],"tags":[],"_links":{"self":[{"href":"https:\/\/acs.org.br\/academy\/wp-json\/wp\/v2\/posts\/89016"}],"collection":[{"href":"https:\/\/acs.org.br\/academy\/wp-json\/wp\/v2\/posts"}],"about":[{"href":"https:\/\/acs.org.br\/academy\/wp-json\/wp\/v2\/types\/post"}],"author":[{"embeddable":true,"href":"https:\/\/acs.org.br\/academy\/wp-json\/wp\/v2\/users\/1"}],"replies":[{"embeddable":true,"href":"https:\/\/acs.org.br\/academy\/wp-json\/wp\/v2\/comments?post=89016"}],"version-history":[{"count":0,"href":"https:\/\/acs.org.br\/academy\/wp-json\/wp\/v2\/posts\/89016\/revisions"}],"wp:attachment":[{"href":"https:\/\/acs.org.br\/academy\/wp-json\/wp\/v2\/media?parent=89016"}],"wp:term":[{"taxonomy":"category","embeddable":true,"href":"https:\/\/acs.org.br\/academy\/wp-json\/wp\/v2\/categories?post=89016"},{"taxonomy":"post_tag","embeddable":true,"href":"https:\/\/acs.org.br\/academy\/wp-json\/wp\/v2\/tags?post=89016"}],"curies":[{"name":"wp","href":"https:\/\/api.w.org\/{rel}","templated":true}]}}