{"id":89012,"date":"2019-09-05T00:00:00","date_gmt":"2019-09-05T03:00:00","guid":{"rendered":"http:\/\/127.0.0.1\/acs\/conselho-municipal-de-desenvolvimento-urbano-aprova-mudancas-na-lei-do-alegra-centro-facesp-05-09-2019\/"},"modified":"2019-09-05T00:00:00","modified_gmt":"2019-09-05T03:00:00","slug":"conselho-municipal-de-desenvolvimento-urbano-aprova-mudancas-na-lei-do-alegra-centro-facesp-05-09-2019","status":"publish","type":"post","link":"https:\/\/acs.org.br\/academy\/conselho-municipal-de-desenvolvimento-urbano-aprova-mudancas-na-lei-do-alegra-centro-facesp-05-09-2019\/","title":{"rendered":"Conselho Municipal de Desenvolvimento Urbano aprova mudan\u00e7as na Lei do Alegra Centro &#8211; Facesp &#8211; 05\/09\/2019"},"content":{"rendered":"<p>Fonte: Facesp<\/p>\n<p>Membros do Conselho Municipal de Desenvolvimento Urbano (CMDU) de Santos se reuniram na manh\u00e3 desta quarta-feira (04), no audit\u00f3rio da Associa\u00e7\u00e3o Comercial de Santos (ACS), para aprovar o relat\u00f3rio da Comiss\u00e3o Especial de Legisla\u00e7\u00e3o sobre a minuta do projeto de Lei Complementar de altera\u00e7\u00e3o da Lei do Alegra Centro.<\/p>\n<p><a target=\"_blank\" href=\"http:\/\/127.0.0.1\/acs\/wp-content\/uploads\/2019\/09\/PDF_2019_SETEMBRO_LEI-ALEGRA-FACESP-05.pdf\" rel=\"noopener\">LEIA MAIS&#8230;<\/a><\/p>\n<p>\u00a0<\/p>\n","protected":false},"excerpt":{"rendered":"<p>Fonte: Facesp Membros do Conselho Municipal de Desenvolvimento Urbano (CMDU) de Santos se reuniram na manh\u00e3 desta quarta-feira (04), no audit\u00f3rio da Associa\u00e7\u00e3o Comercial de Santos (ACS), para aprovar o relat\u00f3rio da Comiss\u00e3o Especial de Legisla\u00e7\u00e3o sobre a minuta do projeto de Lei Complementar de altera\u00e7\u00e3o da Lei do Alegra Centro. LEIA MAIS&#8230; \u00a0<\/p>\n","protected":false},"author":1,"featured_media":0,"comment_status":"open","ping_status":"open","sticky":false,"template":"","format":"standard","meta":{"footnotes":""},"categories":[98],"tags":[],"_links":{"self":[{"href":"https:\/\/acs.org.br\/academy\/wp-json\/wp\/v2\/posts\/89012"}],"collection":[{"href":"https:\/\/acs.org.br\/academy\/wp-json\/wp\/v2\/posts"}],"about":[{"href":"https:\/\/acs.org.br\/academy\/wp-json\/wp\/v2\/types\/post"}],"author":[{"embeddable":true,"href":"https:\/\/acs.org.br\/academy\/wp-json\/wp\/v2\/users\/1"}],"replies":[{"embeddable":true,"href":"https:\/\/acs.org.br\/academy\/wp-json\/wp\/v2\/comments?post=89012"}],"version-history":[{"count":0,"href":"https:\/\/acs.org.br\/academy\/wp-json\/wp\/v2\/posts\/89012\/revisions"}],"wp:attachment":[{"href":"https:\/\/acs.org.br\/academy\/wp-json\/wp\/v2\/media?parent=89012"}],"wp:term":[{"taxonomy":"category","embeddable":true,"href":"https:\/\/acs.org.br\/academy\/wp-json\/wp\/v2\/categories?post=89012"},{"taxonomy":"post_tag","embeddable":true,"href":"https:\/\/acs.org.br\/academy\/wp-json\/wp\/v2\/tags?post=89012"}],"curies":[{"name":"wp","href":"https:\/\/api.w.org\/{rel}","templated":true}]}}