{"id":89006,"date":"2019-09-18T00:00:00","date_gmt":"2019-09-18T03:00:00","guid":{"rendered":"http:\/\/127.0.0.1\/acs\/ligacao-seca-a-tribuna-18-09-2019\/"},"modified":"2019-09-18T00:00:00","modified_gmt":"2019-09-18T03:00:00","slug":"ligacao-seca-a-tribuna-18-09-2019","status":"publish","type":"post","link":"https:\/\/acs.org.br\/academy\/ligacao-seca-a-tribuna-18-09-2019\/","title":{"rendered":"Liga\u00e7\u00e3o seca &#8211; A Tribuna &#8211; 18\/09\/2019"},"content":{"rendered":"<p>Fonte: A Tribuna<\/p>\n<p>A Associa\u00e7\u00e3o Comercial de Santos realiza na pr\u00f3xima segunda-feira, para associados e convidados, f\u00f3rum para debater a liga\u00e7\u00e3o seca entre as duas margens do canal.<\/p>\n<p><a target=\"_blank\" href=\"http:\/\/127.0.0.1\/acs\/wp-content\/uploads\/2019\/09\/PDF_2019_SETEMBRO_DEBATE-TRI-18.pdf\" rel=\"noopener\">LEIA MAIS&#8230;<\/a><\/p>\n<p>\u00a0<\/p>\n","protected":false},"excerpt":{"rendered":"<p>Fonte: A Tribuna A Associa\u00e7\u00e3o Comercial de Santos realiza na pr\u00f3xima segunda-feira, para associados e convidados, f\u00f3rum para debater a liga\u00e7\u00e3o seca entre as duas margens do canal. LEIA MAIS&#8230; \u00a0<\/p>\n","protected":false},"author":1,"featured_media":0,"comment_status":"open","ping_status":"open","sticky":false,"template":"","format":"standard","meta":{"footnotes":""},"categories":[98],"tags":[],"_links":{"self":[{"href":"https:\/\/acs.org.br\/academy\/wp-json\/wp\/v2\/posts\/89006"}],"collection":[{"href":"https:\/\/acs.org.br\/academy\/wp-json\/wp\/v2\/posts"}],"about":[{"href":"https:\/\/acs.org.br\/academy\/wp-json\/wp\/v2\/types\/post"}],"author":[{"embeddable":true,"href":"https:\/\/acs.org.br\/academy\/wp-json\/wp\/v2\/users\/1"}],"replies":[{"embeddable":true,"href":"https:\/\/acs.org.br\/academy\/wp-json\/wp\/v2\/comments?post=89006"}],"version-history":[{"count":0,"href":"https:\/\/acs.org.br\/academy\/wp-json\/wp\/v2\/posts\/89006\/revisions"}],"wp:attachment":[{"href":"https:\/\/acs.org.br\/academy\/wp-json\/wp\/v2\/media?parent=89006"}],"wp:term":[{"taxonomy":"category","embeddable":true,"href":"https:\/\/acs.org.br\/academy\/wp-json\/wp\/v2\/categories?post=89006"},{"taxonomy":"post_tag","embeddable":true,"href":"https:\/\/acs.org.br\/academy\/wp-json\/wp\/v2\/tags?post=89006"}],"curies":[{"name":"wp","href":"https:\/\/api.w.org\/{rel}","templated":true}]}}