{"id":88999,"date":"2019-09-03T00:00:00","date_gmt":"2019-09-03T03:00:00","guid":{"rendered":"http:\/\/127.0.0.1\/acs\/1a-edicao-do-congresso-paulista-de-direito-maritimo-e-portuario-abre-inscricoes-g1-santos-03-09-2019\/"},"modified":"2019-09-03T00:00:00","modified_gmt":"2019-09-03T03:00:00","slug":"1a-edicao-do-congresso-paulista-de-direito-maritimo-e-portuario-abre-inscricoes-g1-santos-03-09-2019","status":"publish","type":"post","link":"https:\/\/acs.org.br\/academy\/1a-edicao-do-congresso-paulista-de-direito-maritimo-e-portuario-abre-inscricoes-g1-santos-03-09-2019\/","title":{"rendered":"1\u00aa edi\u00e7\u00e3o do Congresso Paulista de Direito Mar\u00edtimo e Portu\u00e1rio abre inscri\u00e7\u00f5es &#8211; G1 Santos &#8211; 03\/09\/2019"},"content":{"rendered":"<p>Fonte: G1 Santos<\/p>\n<p>Est\u00e3o abertas, a partir desta ter\u00e7a-feira (3), as inscri\u00e7\u00f5es para o primeiro Congresso Paulista de Direito Mar\u00edtimo e Portu\u00e1rio, no qual autoridades federais, portu\u00e1rias e especialistas em Direito Mar\u00edtimo se reunir\u00e3o em Santos, no litoral de S\u00e3o Paulo, para discutir os novos regramentos e projetos mar\u00edtimos que surgem no cen\u00e1rio nacional.<\/p>\n<p><a href=\"http:\/\/127.0.0.1\/acs\/wp-content\/uploads\/2019\/09\/PDF_2019_SETEMBRO_DIREITO-G1-03.pdf\" target=\"_blank\" rel=\"noopener\">LEIA MAIS&#8230;<\/a><\/p>\n","protected":false},"excerpt":{"rendered":"<p>Fonte: G1 Santos Est\u00e3o abertas, a partir desta ter\u00e7a-feira (3), as inscri\u00e7\u00f5es para o primeiro Congresso Paulista de Direito Mar\u00edtimo e Portu\u00e1rio, no qual autoridades federais, portu\u00e1rias e especialistas em Direito Mar\u00edtimo se reunir\u00e3o em Santos, no litoral de S\u00e3o Paulo, para discutir os novos regramentos e projetos mar\u00edtimos que surgem no cen\u00e1rio nacional. LEIA [&hellip;]<\/p>\n","protected":false},"author":1,"featured_media":0,"comment_status":"open","ping_status":"open","sticky":false,"template":"","format":"standard","meta":{"footnotes":""},"categories":[98],"tags":[],"_links":{"self":[{"href":"https:\/\/acs.org.br\/academy\/wp-json\/wp\/v2\/posts\/88999"}],"collection":[{"href":"https:\/\/acs.org.br\/academy\/wp-json\/wp\/v2\/posts"}],"about":[{"href":"https:\/\/acs.org.br\/academy\/wp-json\/wp\/v2\/types\/post"}],"author":[{"embeddable":true,"href":"https:\/\/acs.org.br\/academy\/wp-json\/wp\/v2\/users\/1"}],"replies":[{"embeddable":true,"href":"https:\/\/acs.org.br\/academy\/wp-json\/wp\/v2\/comments?post=88999"}],"version-history":[{"count":0,"href":"https:\/\/acs.org.br\/academy\/wp-json\/wp\/v2\/posts\/88999\/revisions"}],"wp:attachment":[{"href":"https:\/\/acs.org.br\/academy\/wp-json\/wp\/v2\/media?parent=88999"}],"wp:term":[{"taxonomy":"category","embeddable":true,"href":"https:\/\/acs.org.br\/academy\/wp-json\/wp\/v2\/categories?post=88999"},{"taxonomy":"post_tag","embeddable":true,"href":"https:\/\/acs.org.br\/academy\/wp-json\/wp\/v2\/tags?post=88999"}],"curies":[{"name":"wp","href":"https:\/\/api.w.org\/{rel}","templated":true}]}}