{"id":88997,"date":"2019-09-02T00:00:00","date_gmt":"2019-09-02T03:00:00","guid":{"rendered":"http:\/\/127.0.0.1\/acs\/programa-forum-porto-mar-aborda-o-congresso-de-direito-maritimo-em-santos-a-tribuna-digital-02-09-2019\/"},"modified":"2019-09-02T00:00:00","modified_gmt":"2019-09-02T03:00:00","slug":"programa-forum-porto-mar-aborda-o-congresso-de-direito-maritimo-em-santos-a-tribuna-digital-02-09-2019","status":"publish","type":"post","link":"https:\/\/acs.org.br\/academy\/programa-forum-porto-mar-aborda-o-congresso-de-direito-maritimo-em-santos-a-tribuna-digital-02-09-2019\/","title":{"rendered":"Programa F\u00f3rum Porto &#038; Mar aborda o Congresso de Direito Mar\u00edtimo em Santos &#8211; A Tribuna digital &#8211; 02\/09\/2019"},"content":{"rendered":"<p>Fonte: A Tribuna digital<\/p>\n<p>Na edi\u00e7\u00e3o desta segunda-feira (2), o programa F\u00f3rum Porto &amp; Mar debateu as expectativas para o 1\u00ba Congresso Paulista de Direito Mar\u00edtimo e Portu\u00e1rio, que ser\u00e1 realizado em Santos nos dias 24 e 25 de setembro.<\/p>\n<p><a target=\"_blank\" href=\"http:\/\/127.0.0.1\/acs\/wp-content\/uploads\/2019\/09\/PDF_2019_SETEMBRO_DIREITO-TRIDIG-02.pdf\" rel=\"noopener\">LEIA MAIS&#8230;<\/a><\/p>\n<p>\u00a0<\/p>\n","protected":false},"excerpt":{"rendered":"<p>Fonte: A Tribuna digital Na edi\u00e7\u00e3o desta segunda-feira (2), o programa F\u00f3rum Porto &amp; Mar debateu as expectativas para o 1\u00ba Congresso Paulista de Direito Mar\u00edtimo e Portu\u00e1rio, que ser\u00e1 realizado em Santos nos dias 24 e 25 de setembro. LEIA MAIS&#8230; \u00a0<\/p>\n","protected":false},"author":1,"featured_media":0,"comment_status":"open","ping_status":"open","sticky":false,"template":"","format":"standard","meta":{"footnotes":""},"categories":[98],"tags":[],"_links":{"self":[{"href":"https:\/\/acs.org.br\/academy\/wp-json\/wp\/v2\/posts\/88997"}],"collection":[{"href":"https:\/\/acs.org.br\/academy\/wp-json\/wp\/v2\/posts"}],"about":[{"href":"https:\/\/acs.org.br\/academy\/wp-json\/wp\/v2\/types\/post"}],"author":[{"embeddable":true,"href":"https:\/\/acs.org.br\/academy\/wp-json\/wp\/v2\/users\/1"}],"replies":[{"embeddable":true,"href":"https:\/\/acs.org.br\/academy\/wp-json\/wp\/v2\/comments?post=88997"}],"version-history":[{"count":0,"href":"https:\/\/acs.org.br\/academy\/wp-json\/wp\/v2\/posts\/88997\/revisions"}],"wp:attachment":[{"href":"https:\/\/acs.org.br\/academy\/wp-json\/wp\/v2\/media?parent=88997"}],"wp:term":[{"taxonomy":"category","embeddable":true,"href":"https:\/\/acs.org.br\/academy\/wp-json\/wp\/v2\/categories?post=88997"},{"taxonomy":"post_tag","embeddable":true,"href":"https:\/\/acs.org.br\/academy\/wp-json\/wp\/v2\/tags?post=88997"}],"curies":[{"name":"wp","href":"https:\/\/api.w.org\/{rel}","templated":true}]}}