{"id":88995,"date":"2019-09-26T00:00:00","date_gmt":"2019-09-26T03:00:00","guid":{"rendered":"http:\/\/127.0.0.1\/acs\/br-do-mar-deve-ser-apresentada-em-outubro-e-diretor-garante-que-governo-ira-ajudar-portos-e-navios-26-09-2019\/"},"modified":"2019-09-26T00:00:00","modified_gmt":"2019-09-26T03:00:00","slug":"br-do-mar-deve-ser-apresentada-em-outubro-e-diretor-garante-que-governo-ira-ajudar-portos-e-navios-26-09-2019","status":"publish","type":"post","link":"https:\/\/acs.org.br\/academy\/br-do-mar-deve-ser-apresentada-em-outubro-e-diretor-garante-que-governo-ira-ajudar-portos-e-navios-26-09-2019\/","title":{"rendered":"BR do Mar&#8217; deve ser apresentada em outubro e diretor garante que governo ir\u00e1 ajudar &#8211; Portos e Navios &#8211; 26\/09\/2019"},"content":{"rendered":"<p>Fonte: Portos e Navios<\/p>\n<p>O &#8220;BR do Mar&#8221;, programa do Governo Federal que prev\u00ea mudan\u00e7as no sistema de afretamento de embarca\u00e7\u00f5es e no Adicional ao Frete da Marinha Mercante (AFRMM), deve ser apresentado em outubro.<\/p>\n<p><a target=\"_blank\" href=\"http:\/\/127.0.0.1\/acs\/wp-content\/uploads\/2019\/09\/PDF_2019_SETEMBRO_DIREITO-PNAVIOS-26-B.pdf\" rel=\"noopener\">LEIA MAIS&#8230;<\/a><\/p>\n<p>\u00a0<\/p>\n","protected":false},"excerpt":{"rendered":"<p>Fonte: Portos e Navios O &#8220;BR do Mar&#8221;, programa do Governo Federal que prev\u00ea mudan\u00e7as no sistema de afretamento de embarca\u00e7\u00f5es e no Adicional ao Frete da Marinha Mercante (AFRMM), deve ser apresentado em outubro. LEIA MAIS&#8230; \u00a0<\/p>\n","protected":false},"author":1,"featured_media":0,"comment_status":"open","ping_status":"open","sticky":false,"template":"","format":"standard","meta":{"footnotes":""},"categories":[98],"tags":[],"_links":{"self":[{"href":"https:\/\/acs.org.br\/academy\/wp-json\/wp\/v2\/posts\/88995"}],"collection":[{"href":"https:\/\/acs.org.br\/academy\/wp-json\/wp\/v2\/posts"}],"about":[{"href":"https:\/\/acs.org.br\/academy\/wp-json\/wp\/v2\/types\/post"}],"author":[{"embeddable":true,"href":"https:\/\/acs.org.br\/academy\/wp-json\/wp\/v2\/users\/1"}],"replies":[{"embeddable":true,"href":"https:\/\/acs.org.br\/academy\/wp-json\/wp\/v2\/comments?post=88995"}],"version-history":[{"count":0,"href":"https:\/\/acs.org.br\/academy\/wp-json\/wp\/v2\/posts\/88995\/revisions"}],"wp:attachment":[{"href":"https:\/\/acs.org.br\/academy\/wp-json\/wp\/v2\/media?parent=88995"}],"wp:term":[{"taxonomy":"category","embeddable":true,"href":"https:\/\/acs.org.br\/academy\/wp-json\/wp\/v2\/categories?post=88995"},{"taxonomy":"post_tag","embeddable":true,"href":"https:\/\/acs.org.br\/academy\/wp-json\/wp\/v2\/tags?post=88995"}],"curies":[{"name":"wp","href":"https:\/\/api.w.org\/{rel}","templated":true}]}}