{"id":88991,"date":"2019-09-30T09:40:47","date_gmt":"2019-09-30T12:40:47","guid":{"rendered":"http:\/\/127.0.0.1\/acs\/texto-preve-mais-verba-ao-centro-a-tribuna-28-09-2019\/"},"modified":"2019-09-30T09:40:47","modified_gmt":"2019-09-30T12:40:47","slug":"texto-preve-mais-verba-ao-centro-a-tribuna-28-09-2019","status":"publish","type":"post","link":"https:\/\/acs.org.br\/academy\/texto-preve-mais-verba-ao-centro-a-tribuna-28-09-2019\/","title":{"rendered":"Texto prev\u00ea mais verba ao Centro &#8211; A Tribuna &#8211; 28\/09\/2019"},"content":{"rendered":"<p>Fonte: A Tribuna<\/p>\n<p>Um pacote de obras e incentivos ao Centro Hist\u00f3rico foi lan\u00e7ado ontem pela Prefeitura, na Associa\u00e7\u00e3o Comercial de Santos (ACS).<\/p>\n<p><a target=\"_blank\" href=\"http:\/\/127.0.0.1\/acs\/wp-content\/uploads\/2019\/09\/PDF_2019_SETEMBRO_ALEGRA-TRI-28.pdf\" rel=\"noopener\">LEIA MAIS&#8230;<\/a><\/p>\n<p>\u00a0<\/p>\n","protected":false},"excerpt":{"rendered":"<p>Fonte: A Tribuna Um pacote de obras e incentivos ao Centro Hist\u00f3rico foi lan\u00e7ado ontem pela Prefeitura, na Associa\u00e7\u00e3o Comercial de Santos (ACS). LEIA MAIS&#8230; \u00a0<\/p>\n","protected":false},"author":1,"featured_media":0,"comment_status":"open","ping_status":"open","sticky":false,"template":"","format":"standard","meta":{"footnotes":""},"categories":[98],"tags":[],"_links":{"self":[{"href":"https:\/\/acs.org.br\/academy\/wp-json\/wp\/v2\/posts\/88991"}],"collection":[{"href":"https:\/\/acs.org.br\/academy\/wp-json\/wp\/v2\/posts"}],"about":[{"href":"https:\/\/acs.org.br\/academy\/wp-json\/wp\/v2\/types\/post"}],"author":[{"embeddable":true,"href":"https:\/\/acs.org.br\/academy\/wp-json\/wp\/v2\/users\/1"}],"replies":[{"embeddable":true,"href":"https:\/\/acs.org.br\/academy\/wp-json\/wp\/v2\/comments?post=88991"}],"version-history":[{"count":0,"href":"https:\/\/acs.org.br\/academy\/wp-json\/wp\/v2\/posts\/88991\/revisions"}],"wp:attachment":[{"href":"https:\/\/acs.org.br\/academy\/wp-json\/wp\/v2\/media?parent=88991"}],"wp:term":[{"taxonomy":"category","embeddable":true,"href":"https:\/\/acs.org.br\/academy\/wp-json\/wp\/v2\/categories?post=88991"},{"taxonomy":"post_tag","embeddable":true,"href":"https:\/\/acs.org.br\/academy\/wp-json\/wp\/v2\/tags?post=88991"}],"curies":[{"name":"wp","href":"https:\/\/api.w.org\/{rel}","templated":true}]}}