{"id":88879,"date":"2019-09-24T10:43:38","date_gmt":"2019-09-24T13:43:38","guid":{"rendered":"http:\/\/127.0.0.1\/acs\/fernanda-lopes-coluna-a-tribuna-24092019\/"},"modified":"2019-09-24T10:43:38","modified_gmt":"2019-09-24T13:43:38","slug":"fernanda-lopes-coluna-a-tribuna-24092019","status":"publish","type":"post","link":"https:\/\/acs.org.br\/academy\/fernanda-lopes-coluna-a-tribuna-24092019\/","title":{"rendered":"Fernanda Lopes \/ Coluna &#8211; A Tribuna &#8211; 24\/09\/2019"},"content":{"rendered":"<p>Fonte: A Tribuna<\/p>\n<p>A Associa\u00e7\u00e3o Comercial de Santos (ACS) levou quase duas centenas de pessoas ao seu audit\u00f3rio na manh\u00e3 de ontem.<\/p>\n<p><a target=\"_blank\" href=\"http:\/\/127.0.0.1\/acs\/wp-content\/uploads\/2019\/09\/PDF_2019_SETEMBRO_DEBATE-TRI-COLUNA-24.pdf\" rel=\"noopener\">LEIA MAIS&#8230;<\/a><\/p>\n<p>\u00a0<\/p>\n","protected":false},"excerpt":{"rendered":"<p>Fonte: A Tribuna A Associa\u00e7\u00e3o Comercial de Santos (ACS) levou quase duas centenas de pessoas ao seu audit\u00f3rio na manh\u00e3 de ontem. LEIA MAIS&#8230; \u00a0<\/p>\n","protected":false},"author":1,"featured_media":0,"comment_status":"open","ping_status":"open","sticky":false,"template":"","format":"standard","meta":{"footnotes":""},"categories":[98],"tags":[],"_links":{"self":[{"href":"https:\/\/acs.org.br\/academy\/wp-json\/wp\/v2\/posts\/88879"}],"collection":[{"href":"https:\/\/acs.org.br\/academy\/wp-json\/wp\/v2\/posts"}],"about":[{"href":"https:\/\/acs.org.br\/academy\/wp-json\/wp\/v2\/types\/post"}],"author":[{"embeddable":true,"href":"https:\/\/acs.org.br\/academy\/wp-json\/wp\/v2\/users\/1"}],"replies":[{"embeddable":true,"href":"https:\/\/acs.org.br\/academy\/wp-json\/wp\/v2\/comments?post=88879"}],"version-history":[{"count":0,"href":"https:\/\/acs.org.br\/academy\/wp-json\/wp\/v2\/posts\/88879\/revisions"}],"wp:attachment":[{"href":"https:\/\/acs.org.br\/academy\/wp-json\/wp\/v2\/media?parent=88879"}],"wp:term":[{"taxonomy":"category","embeddable":true,"href":"https:\/\/acs.org.br\/academy\/wp-json\/wp\/v2\/categories?post=88879"},{"taxonomy":"post_tag","embeddable":true,"href":"https:\/\/acs.org.br\/academy\/wp-json\/wp\/v2\/tags?post=88879"}],"curies":[{"name":"wp","href":"https:\/\/api.w.org\/{rel}","templated":true}]}}