{"id":88877,"date":"2019-09-24T10:43:00","date_gmt":"2019-09-24T13:43:00","guid":{"rendered":"http:\/\/127.0.0.1\/acs\/docas-e-estado-retomam-negociacoes-a-tribuna-24-09-2019\/"},"modified":"2019-09-24T10:43:00","modified_gmt":"2019-09-24T13:43:00","slug":"docas-e-estado-retomam-negociacoes-a-tribuna-24-09-2019","status":"publish","type":"post","link":"https:\/\/acs.org.br\/academy\/docas-e-estado-retomam-negociacoes-a-tribuna-24-09-2019\/","title":{"rendered":"Docas e Estado retomam negocia\u00e7\u00f5es &#8211; A Tribuna &#8211; 24\/09\/2019"},"content":{"rendered":"<p>Fonte: A Tribuna<\/p>\n<p>A Companhia Docas do Estado de S\u00e3o Paulo (Codesp, a Autoridade Portu\u00e1ria) e o Governo do Estado retomam as conversas sobre um projeto de liga\u00e7\u00e3o seca entre as margens do Porto de Santos.<\/p>\n<p><a target=\"_blank\" href=\"http:\/\/127.0.0.1\/acs\/wp-content\/uploads\/2019\/09\/PDF_2019_SETEMBRO_DEBATE-TRI-2-24.pdf\" rel=\"noopener\">LEIA MAIS&#8230;<\/a><\/p>\n","protected":false},"excerpt":{"rendered":"<p>Fonte: A Tribuna A Companhia Docas do Estado de S\u00e3o Paulo (Codesp, a Autoridade Portu\u00e1ria) e o Governo do Estado retomam as conversas sobre um projeto de liga\u00e7\u00e3o seca entre as margens do Porto de Santos. LEIA MAIS&#8230;<\/p>\n","protected":false},"author":1,"featured_media":0,"comment_status":"open","ping_status":"open","sticky":false,"template":"","format":"standard","meta":{"footnotes":""},"categories":[98],"tags":[],"_links":{"self":[{"href":"https:\/\/acs.org.br\/academy\/wp-json\/wp\/v2\/posts\/88877"}],"collection":[{"href":"https:\/\/acs.org.br\/academy\/wp-json\/wp\/v2\/posts"}],"about":[{"href":"https:\/\/acs.org.br\/academy\/wp-json\/wp\/v2\/types\/post"}],"author":[{"embeddable":true,"href":"https:\/\/acs.org.br\/academy\/wp-json\/wp\/v2\/users\/1"}],"replies":[{"embeddable":true,"href":"https:\/\/acs.org.br\/academy\/wp-json\/wp\/v2\/comments?post=88877"}],"version-history":[{"count":0,"href":"https:\/\/acs.org.br\/academy\/wp-json\/wp\/v2\/posts\/88877\/revisions"}],"wp:attachment":[{"href":"https:\/\/acs.org.br\/academy\/wp-json\/wp\/v2\/media?parent=88877"}],"wp:term":[{"taxonomy":"category","embeddable":true,"href":"https:\/\/acs.org.br\/academy\/wp-json\/wp\/v2\/categories?post=88877"},{"taxonomy":"post_tag","embeddable":true,"href":"https:\/\/acs.org.br\/academy\/wp-json\/wp\/v2\/tags?post=88877"}],"curies":[{"name":"wp","href":"https:\/\/api.w.org\/{rel}","templated":true}]}}