{"id":88875,"date":"2019-09-24T10:29:12","date_gmt":"2019-09-24T13:29:12","guid":{"rendered":"http:\/\/127.0.0.1\/acs\/estado-e-ecovias-avaliam-mudar-projeto-da-ponte-a-tribuna-24092019\/"},"modified":"2019-09-24T10:29:12","modified_gmt":"2019-09-24T13:29:12","slug":"estado-e-ecovias-avaliam-mudar-projeto-da-ponte-a-tribuna-24092019","status":"publish","type":"post","link":"https:\/\/acs.org.br\/academy\/estado-e-ecovias-avaliam-mudar-projeto-da-ponte-a-tribuna-24092019\/","title":{"rendered":"Estado e Ecovias avaliam mudar projeto da ponte &#8211; A Tribuna &#8211; 24\/09\/2019"},"content":{"rendered":"<p>Fonte: A Tribuna<\/p>\n<p>O Governo do Estado e a concession\u00e1ria rodovi\u00e1ria Ecovias admitiram que podem alterar o projeto de constru\u00e7\u00e3o da ponte que ligar\u00e1 as duas margens do Porto de Santos, principalmente em rela\u00e7\u00e3o \u00e0 dist\u00e2ncia entre as pilastras previstas para serem erguidas no canal de navega\u00e7\u00e3o.<\/p>\n<p><a target=\"_blank\" href=\"http:\/\/127.0.0.1\/acs\/wp-content\/uploads\/2019\/09\/PDF_2019_SETEMBRO_DEBATE-TRI-1-24.pdf\" rel=\"noopener\">LEIA MAIS..<\/a><\/p>\n<p>\u00a0<\/p>\n","protected":false},"excerpt":{"rendered":"<p>Fonte: A Tribuna O Governo do Estado e a concession\u00e1ria rodovi\u00e1ria Ecovias admitiram que podem alterar o projeto de constru\u00e7\u00e3o da ponte que ligar\u00e1 as duas margens do Porto de Santos, principalmente em rela\u00e7\u00e3o \u00e0 dist\u00e2ncia entre as pilastras previstas para serem erguidas no canal de navega\u00e7\u00e3o. LEIA MAIS.. \u00a0<\/p>\n","protected":false},"author":1,"featured_media":0,"comment_status":"open","ping_status":"open","sticky":false,"template":"","format":"standard","meta":{"footnotes":""},"categories":[98],"tags":[],"_links":{"self":[{"href":"https:\/\/acs.org.br\/academy\/wp-json\/wp\/v2\/posts\/88875"}],"collection":[{"href":"https:\/\/acs.org.br\/academy\/wp-json\/wp\/v2\/posts"}],"about":[{"href":"https:\/\/acs.org.br\/academy\/wp-json\/wp\/v2\/types\/post"}],"author":[{"embeddable":true,"href":"https:\/\/acs.org.br\/academy\/wp-json\/wp\/v2\/users\/1"}],"replies":[{"embeddable":true,"href":"https:\/\/acs.org.br\/academy\/wp-json\/wp\/v2\/comments?post=88875"}],"version-history":[{"count":0,"href":"https:\/\/acs.org.br\/academy\/wp-json\/wp\/v2\/posts\/88875\/revisions"}],"wp:attachment":[{"href":"https:\/\/acs.org.br\/academy\/wp-json\/wp\/v2\/media?parent=88875"}],"wp:term":[{"taxonomy":"category","embeddable":true,"href":"https:\/\/acs.org.br\/academy\/wp-json\/wp\/v2\/categories?post=88875"},{"taxonomy":"post_tag","embeddable":true,"href":"https:\/\/acs.org.br\/academy\/wp-json\/wp\/v2\/tags?post=88875"}],"curies":[{"name":"wp","href":"https:\/\/api.w.org\/{rel}","templated":true}]}}