{"id":88873,"date":"2019-09-24T10:16:42","date_gmt":"2019-09-24T13:16:42","guid":{"rendered":"http:\/\/127.0.0.1\/acs\/estado-e-ecovias-admitem-modificar-projeto-da-ponte-a-tribuna-24092019\/"},"modified":"2019-09-24T10:16:42","modified_gmt":"2019-09-24T13:16:42","slug":"estado-e-ecovias-admitem-modificar-projeto-da-ponte-a-tribuna-24092019","status":"publish","type":"post","link":"https:\/\/acs.org.br\/academy\/estado-e-ecovias-admitem-modificar-projeto-da-ponte-a-tribuna-24092019\/","title":{"rendered":"Estado e Ecovias admitem modificar projeto da ponte &#8211; A Tribuna  (capa) &#8211; 24\/09\/2019"},"content":{"rendered":"<p>Fonte: A Tribuna (capa)<\/p>\n<p>A altera\u00e7\u00e3o do projeto de constru\u00e7\u00e3o da ponte entre as margens do Porto de Santos \u00e9 para dar mais seguran\u00e7a durante a manobra dos navios.<\/p>\n<p><a href=\"http:\/\/127.0.0.1\/acs\/wp-content\/uploads\/2019\/09\/PDF_2019_SETEMBRO_DEBATE-TRI-CAPA-24.pdf\" target=\"_blank\" rel=\"noopener\">LEIA MAIS&#8230;<\/a><\/p>\n","protected":false},"excerpt":{"rendered":"<p>Fonte: A Tribuna (capa) A altera\u00e7\u00e3o do projeto de constru\u00e7\u00e3o da ponte entre as margens do Porto de Santos \u00e9 para dar mais seguran\u00e7a durante a manobra dos navios. LEIA MAIS&#8230;<\/p>\n","protected":false},"author":1,"featured_media":0,"comment_status":"open","ping_status":"open","sticky":false,"template":"","format":"standard","meta":{"footnotes":""},"categories":[98],"tags":[],"_links":{"self":[{"href":"https:\/\/acs.org.br\/academy\/wp-json\/wp\/v2\/posts\/88873"}],"collection":[{"href":"https:\/\/acs.org.br\/academy\/wp-json\/wp\/v2\/posts"}],"about":[{"href":"https:\/\/acs.org.br\/academy\/wp-json\/wp\/v2\/types\/post"}],"author":[{"embeddable":true,"href":"https:\/\/acs.org.br\/academy\/wp-json\/wp\/v2\/users\/1"}],"replies":[{"embeddable":true,"href":"https:\/\/acs.org.br\/academy\/wp-json\/wp\/v2\/comments?post=88873"}],"version-history":[{"count":0,"href":"https:\/\/acs.org.br\/academy\/wp-json\/wp\/v2\/posts\/88873\/revisions"}],"wp:attachment":[{"href":"https:\/\/acs.org.br\/academy\/wp-json\/wp\/v2\/media?parent=88873"}],"wp:term":[{"taxonomy":"category","embeddable":true,"href":"https:\/\/acs.org.br\/academy\/wp-json\/wp\/v2\/categories?post=88873"},{"taxonomy":"post_tag","embeddable":true,"href":"https:\/\/acs.org.br\/academy\/wp-json\/wp\/v2\/tags?post=88873"}],"curies":[{"name":"wp","href":"https:\/\/api.w.org\/{rel}","templated":true}]}}