{"id":88549,"date":"2019-08-16T00:00:00","date_gmt":"2019-08-16T03:00:00","guid":{"rendered":"http:\/\/127.0.0.1\/acs\/agenda-cultural-confira-as-atracoes-de-16-a-18-de-agosto-em-santos-e-regiao-g1-santos-16-08-2019\/"},"modified":"2019-08-16T00:00:00","modified_gmt":"2019-08-16T03:00:00","slug":"agenda-cultural-confira-as-atracoes-de-16-a-18-de-agosto-em-santos-e-regiao-g1-santos-16-08-2019","status":"publish","type":"post","link":"https:\/\/acs.org.br\/academy\/agenda-cultural-confira-as-atracoes-de-16-a-18-de-agosto-em-santos-e-regiao-g1-santos-16-08-2019\/","title":{"rendered":"Agenda Cultural: Confira as atra\u00e7\u00f5es de 16 a 18 de agosto em Santos e Regi\u00e3o &#8211; G1 Santos &#8211; 16\/08\/2019"},"content":{"rendered":"<p>Fonte: G1 Santos<\/p>\n<p>Veja os principais shows e atra\u00e7\u00f5es culturais de Santos e Regi\u00e3o neste fim de semana.<\/p>\n<p><a target=\"_blank\" href=\"http:\/\/127.0.0.1\/acs\/wp-content\/uploads\/2019\/08\/PDF_2019_AGOSTO_CONCERTO-G1-16.pdf\" rel=\"noopener\">LEIA MAIS&#8230;<\/a><\/p>\n<p>\u00a0<\/p>\n","protected":false},"excerpt":{"rendered":"<p>Fonte: G1 Santos Veja os principais shows e atra\u00e7\u00f5es culturais de Santos e Regi\u00e3o neste fim de semana. LEIA MAIS&#8230; \u00a0<\/p>\n","protected":false},"author":1,"featured_media":0,"comment_status":"open","ping_status":"open","sticky":false,"template":"","format":"standard","meta":{"footnotes":""},"categories":[98],"tags":[],"_links":{"self":[{"href":"https:\/\/acs.org.br\/academy\/wp-json\/wp\/v2\/posts\/88549"}],"collection":[{"href":"https:\/\/acs.org.br\/academy\/wp-json\/wp\/v2\/posts"}],"about":[{"href":"https:\/\/acs.org.br\/academy\/wp-json\/wp\/v2\/types\/post"}],"author":[{"embeddable":true,"href":"https:\/\/acs.org.br\/academy\/wp-json\/wp\/v2\/users\/1"}],"replies":[{"embeddable":true,"href":"https:\/\/acs.org.br\/academy\/wp-json\/wp\/v2\/comments?post=88549"}],"version-history":[{"count":0,"href":"https:\/\/acs.org.br\/academy\/wp-json\/wp\/v2\/posts\/88549\/revisions"}],"wp:attachment":[{"href":"https:\/\/acs.org.br\/academy\/wp-json\/wp\/v2\/media?parent=88549"}],"wp:term":[{"taxonomy":"category","embeddable":true,"href":"https:\/\/acs.org.br\/academy\/wp-json\/wp\/v2\/categories?post=88549"},{"taxonomy":"post_tag","embeddable":true,"href":"https:\/\/acs.org.br\/academy\/wp-json\/wp\/v2\/tags?post=88549"}],"curies":[{"name":"wp","href":"https:\/\/api.w.org\/{rel}","templated":true}]}}