{"id":88535,"date":"2019-08-23T00:00:00","date_gmt":"2019-08-23T03:00:00","guid":{"rendered":"http:\/\/127.0.0.1\/acs\/contas-da-cpfl-a-tribuna-23082019\/"},"modified":"2019-08-23T00:00:00","modified_gmt":"2019-08-23T03:00:00","slug":"contas-da-cpfl-a-tribuna-23082019","status":"publish","type":"post","link":"https:\/\/acs.org.br\/academy\/contas-da-cpfl-a-tribuna-23082019\/","title":{"rendered":"Contas da CPFL &#8211; A Tribuna &#8211; 23\/08\/2019"},"content":{"rendered":"<p>Fonte: A Tribuna<\/p>\n<p>Em audi\u00eancia na Associa\u00e7\u00e3o Comercial de Santos (ACS), a Ag\u00eancia Nacional de Energia El\u00e9trica (Aneel) ofereceu redu\u00e7\u00e3o m\u00e9dia de 7,47% nas contas da CPFL Piratininga.<\/p>\n<p><a target=\"_blank\" href=\"http:\/\/127.0.0.1\/acs\/wp-content\/uploads\/2019\/08\/PDF_2019_AGOSTO_CPFL-TRI-23.pdf\" rel=\"noopener\">LEIA MAIS&#8230;<\/a><\/p>\n<p>\u00a0<\/p>\n","protected":false},"excerpt":{"rendered":"<p>Fonte: A Tribuna Em audi\u00eancia na Associa\u00e7\u00e3o Comercial de Santos (ACS), a Ag\u00eancia Nacional de Energia El\u00e9trica (Aneel) ofereceu redu\u00e7\u00e3o m\u00e9dia de 7,47% nas contas da CPFL Piratininga. LEIA MAIS&#8230; \u00a0<\/p>\n","protected":false},"author":1,"featured_media":0,"comment_status":"open","ping_status":"open","sticky":false,"template":"","format":"standard","meta":{"footnotes":""},"categories":[98],"tags":[],"_links":{"self":[{"href":"https:\/\/acs.org.br\/academy\/wp-json\/wp\/v2\/posts\/88535"}],"collection":[{"href":"https:\/\/acs.org.br\/academy\/wp-json\/wp\/v2\/posts"}],"about":[{"href":"https:\/\/acs.org.br\/academy\/wp-json\/wp\/v2\/types\/post"}],"author":[{"embeddable":true,"href":"https:\/\/acs.org.br\/academy\/wp-json\/wp\/v2\/users\/1"}],"replies":[{"embeddable":true,"href":"https:\/\/acs.org.br\/academy\/wp-json\/wp\/v2\/comments?post=88535"}],"version-history":[{"count":0,"href":"https:\/\/acs.org.br\/academy\/wp-json\/wp\/v2\/posts\/88535\/revisions"}],"wp:attachment":[{"href":"https:\/\/acs.org.br\/academy\/wp-json\/wp\/v2\/media?parent=88535"}],"wp:term":[{"taxonomy":"category","embeddable":true,"href":"https:\/\/acs.org.br\/academy\/wp-json\/wp\/v2\/categories?post=88535"},{"taxonomy":"post_tag","embeddable":true,"href":"https:\/\/acs.org.br\/academy\/wp-json\/wp\/v2\/tags?post=88535"}],"curies":[{"name":"wp","href":"https:\/\/api.w.org\/{rel}","templated":true}]}}