{"id":88533,"date":"2019-08-21T00:00:00","date_gmt":"2019-08-21T03:00:00","guid":{"rendered":"http:\/\/127.0.0.1\/acs\/conta-de-eletricidade-fica-mais-barata-em-cidades-da-baixada-santista-a-tribuna-digital-21082019\/"},"modified":"2019-08-21T00:00:00","modified_gmt":"2019-08-21T03:00:00","slug":"conta-de-eletricidade-fica-mais-barata-em-cidades-da-baixada-santista-a-tribuna-digital-21082019","status":"publish","type":"post","link":"https:\/\/acs.org.br\/academy\/conta-de-eletricidade-fica-mais-barata-em-cidades-da-baixada-santista-a-tribuna-digital-21082019\/","title":{"rendered":"Conta de eletricidade fica mais barata em cidades da Baixada Santista &#8211; A Tribuna digital &#8211; 21\/08\/2019"},"content":{"rendered":"<p>Fonte: A Tribuna digital<\/p>\n<p>As contas de luz da Elektro ter\u00e3o redu\u00e7\u00e3o de 11,17% nas faturas de clientes residenciais e comerciais a partir da pr\u00f3xima ter\u00e7a-feira (27).<\/p>\n<p><a target=\"_blank\" href=\"http:\/\/127.0.0.1\/acs\/wp-content\/uploads\/2019\/08\/PDF_2019_AGOSTO_CPFL-TRIDIG-21.pdf\" rel=\"noopener\">LEIA MAIS&#8230;<\/a><\/p>\n<p>\u00a0<\/p>\n<p>\u00a0<\/p>\n","protected":false},"excerpt":{"rendered":"<p>Fonte: A Tribuna digital As contas de luz da Elektro ter\u00e3o redu\u00e7\u00e3o de 11,17% nas faturas de clientes residenciais e comerciais a partir da pr\u00f3xima ter\u00e7a-feira (27). LEIA MAIS&#8230; \u00a0 \u00a0<\/p>\n","protected":false},"author":1,"featured_media":0,"comment_status":"open","ping_status":"open","sticky":false,"template":"","format":"standard","meta":{"footnotes":""},"categories":[98],"tags":[],"_links":{"self":[{"href":"https:\/\/acs.org.br\/academy\/wp-json\/wp\/v2\/posts\/88533"}],"collection":[{"href":"https:\/\/acs.org.br\/academy\/wp-json\/wp\/v2\/posts"}],"about":[{"href":"https:\/\/acs.org.br\/academy\/wp-json\/wp\/v2\/types\/post"}],"author":[{"embeddable":true,"href":"https:\/\/acs.org.br\/academy\/wp-json\/wp\/v2\/users\/1"}],"replies":[{"embeddable":true,"href":"https:\/\/acs.org.br\/academy\/wp-json\/wp\/v2\/comments?post=88533"}],"version-history":[{"count":0,"href":"https:\/\/acs.org.br\/academy\/wp-json\/wp\/v2\/posts\/88533\/revisions"}],"wp:attachment":[{"href":"https:\/\/acs.org.br\/academy\/wp-json\/wp\/v2\/media?parent=88533"}],"wp:term":[{"taxonomy":"category","embeddable":true,"href":"https:\/\/acs.org.br\/academy\/wp-json\/wp\/v2\/categories?post=88533"},{"taxonomy":"post_tag","embeddable":true,"href":"https:\/\/acs.org.br\/academy\/wp-json\/wp\/v2\/tags?post=88533"}],"curies":[{"name":"wp","href":"https:\/\/api.w.org\/{rel}","templated":true}]}}