{"id":88531,"date":"2019-08-19T00:00:00","date_gmt":"2019-08-19T03:00:00","guid":{"rendered":"http:\/\/127.0.0.1\/acs\/grupo-realiza-apresentacao-de-musica-classica-no-concerto-petrobras-tribuna-a-tribuna-digital-19-08-2019\/"},"modified":"2019-08-19T00:00:00","modified_gmt":"2019-08-19T03:00:00","slug":"grupo-realiza-apresentacao-de-musica-classica-no-concerto-petrobras-tribuna-a-tribuna-digital-19-08-2019","status":"publish","type":"post","link":"https:\/\/acs.org.br\/academy\/grupo-realiza-apresentacao-de-musica-classica-no-concerto-petrobras-tribuna-a-tribuna-digital-19-08-2019\/","title":{"rendered":"Grupo realiza apresenta\u00e7\u00e3o de m\u00fasica cl\u00e1ssica no Concerto Petrobras Tribuna &#8211; A Tribuna digital &#8211; 19\/08\/2019"},"content":{"rendered":"<p>Fonte: A Tribuna digital<\/p>\n<p>A Associa\u00e7\u00e3o Comercial de Santos (ACS) realizou neste domingo (18), em seu audit\u00f3rio, duas sess\u00f5es do Concerto Petrobras Tribuna.<\/p>\n<p><a target=\"_blank\" href=\"http:\/\/127.0.0.1\/acs\/wp-content\/uploads\/2019\/08\/PDF_2019_AGOSTO_CONCERTO-TRIDIG-19.pdf\" rel=\"noopener\">LEIA MAIS&#8230;<\/a><\/p>\n","protected":false},"excerpt":{"rendered":"<p>Fonte: A Tribuna digital A Associa\u00e7\u00e3o Comercial de Santos (ACS) realizou neste domingo (18), em seu audit\u00f3rio, duas sess\u00f5es do Concerto Petrobras Tribuna. LEIA MAIS&#8230;<\/p>\n","protected":false},"author":1,"featured_media":0,"comment_status":"open","ping_status":"open","sticky":false,"template":"","format":"standard","meta":{"footnotes":""},"categories":[98],"tags":[],"_links":{"self":[{"href":"https:\/\/acs.org.br\/academy\/wp-json\/wp\/v2\/posts\/88531"}],"collection":[{"href":"https:\/\/acs.org.br\/academy\/wp-json\/wp\/v2\/posts"}],"about":[{"href":"https:\/\/acs.org.br\/academy\/wp-json\/wp\/v2\/types\/post"}],"author":[{"embeddable":true,"href":"https:\/\/acs.org.br\/academy\/wp-json\/wp\/v2\/users\/1"}],"replies":[{"embeddable":true,"href":"https:\/\/acs.org.br\/academy\/wp-json\/wp\/v2\/comments?post=88531"}],"version-history":[{"count":0,"href":"https:\/\/acs.org.br\/academy\/wp-json\/wp\/v2\/posts\/88531\/revisions"}],"wp:attachment":[{"href":"https:\/\/acs.org.br\/academy\/wp-json\/wp\/v2\/media?parent=88531"}],"wp:term":[{"taxonomy":"category","embeddable":true,"href":"https:\/\/acs.org.br\/academy\/wp-json\/wp\/v2\/categories?post=88531"},{"taxonomy":"post_tag","embeddable":true,"href":"https:\/\/acs.org.br\/academy\/wp-json\/wp\/v2\/tags?post=88531"}],"curies":[{"name":"wp","href":"https:\/\/api.w.org\/{rel}","templated":true}]}}