{"id":88525,"date":"2019-08-15T00:00:00","date_gmt":"2019-08-15T03:00:00","guid":{"rendered":"http:\/\/127.0.0.1\/acs\/codesp-realiza-leilao-de-sucatas-nesta-quinta-feira-na-associacao-comercial-de-santos-facesp-15-08-2019\/"},"modified":"2019-08-15T00:00:00","modified_gmt":"2019-08-15T03:00:00","slug":"codesp-realiza-leilao-de-sucatas-nesta-quinta-feira-na-associacao-comercial-de-santos-facesp-15-08-2019","status":"publish","type":"post","link":"https:\/\/acs.org.br\/academy\/codesp-realiza-leilao-de-sucatas-nesta-quinta-feira-na-associacao-comercial-de-santos-facesp-15-08-2019\/","title":{"rendered":"Codesp realiza leil\u00e3o de sucatas nesta quinta-feira na Associa\u00e7\u00e3o Comercial de Santos &#8211; Facesp &#8211; 15\/08\/2019"},"content":{"rendered":"<p>Fonte: Facesp<\/p>\n<p>A Companhia Docas do Estado de S\u00e3o Paulo (Codesp) vai leiloar, nesta quinta-feira (15), sucatas de instala\u00e7\u00f5es desativadas do Porto de Santos. O leil\u00e3o ocorre simultaneamente na Associa\u00e7\u00e3o Comercial de Santos (ACS) e on-line, a partir das 14 horas.<\/p>\n<p><a target=\"_blank\" href=\"http:\/\/127.0.0.1\/acs\/wp-content\/uploads\/2019\/08\/PDF_2019_AGOSTO_LEILAO-FACESP-15.pdf\" rel=\"noopener\">LEIA MAIS&#8230;<\/a><\/p>\n<p>\u00a0<\/p>\n","protected":false},"excerpt":{"rendered":"<p>Fonte: Facesp A Companhia Docas do Estado de S\u00e3o Paulo (Codesp) vai leiloar, nesta quinta-feira (15), sucatas de instala\u00e7\u00f5es desativadas do Porto de Santos. O leil\u00e3o ocorre simultaneamente na Associa\u00e7\u00e3o Comercial de Santos (ACS) e on-line, a partir das 14 horas. LEIA MAIS&#8230; \u00a0<\/p>\n","protected":false},"author":1,"featured_media":0,"comment_status":"open","ping_status":"open","sticky":false,"template":"","format":"standard","meta":{"footnotes":""},"categories":[98],"tags":[],"_links":{"self":[{"href":"https:\/\/acs.org.br\/academy\/wp-json\/wp\/v2\/posts\/88525"}],"collection":[{"href":"https:\/\/acs.org.br\/academy\/wp-json\/wp\/v2\/posts"}],"about":[{"href":"https:\/\/acs.org.br\/academy\/wp-json\/wp\/v2\/types\/post"}],"author":[{"embeddable":true,"href":"https:\/\/acs.org.br\/academy\/wp-json\/wp\/v2\/users\/1"}],"replies":[{"embeddable":true,"href":"https:\/\/acs.org.br\/academy\/wp-json\/wp\/v2\/comments?post=88525"}],"version-history":[{"count":0,"href":"https:\/\/acs.org.br\/academy\/wp-json\/wp\/v2\/posts\/88525\/revisions"}],"wp:attachment":[{"href":"https:\/\/acs.org.br\/academy\/wp-json\/wp\/v2\/media?parent=88525"}],"wp:term":[{"taxonomy":"category","embeddable":true,"href":"https:\/\/acs.org.br\/academy\/wp-json\/wp\/v2\/categories?post=88525"},{"taxonomy":"post_tag","embeddable":true,"href":"https:\/\/acs.org.br\/academy\/wp-json\/wp\/v2\/tags?post=88525"}],"curies":[{"name":"wp","href":"https:\/\/api.w.org\/{rel}","templated":true}]}}