{"id":88521,"date":"2019-08-19T00:00:00","date_gmt":"2019-08-19T03:00:00","guid":{"rendered":"http:\/\/127.0.0.1\/acs\/concertos-a-tribuna-reunem-publico-em-cubatao-e-santos-sp-tv-tribuna-jt1-19-08-2019\/"},"modified":"2019-08-19T00:00:00","modified_gmt":"2019-08-19T03:00:00","slug":"concertos-a-tribuna-reunem-publico-em-cubatao-e-santos-sp-tv-tribuna-jt1-19-08-2019","status":"publish","type":"post","link":"https:\/\/acs.org.br\/academy\/concertos-a-tribuna-reunem-publico-em-cubatao-e-santos-sp-tv-tribuna-jt1-19-08-2019\/","title":{"rendered":"Concertos A Tribuna re\u00fanem p\u00fablico em Cubat\u00e3o e Santos, SP &#8211; TV Tribuna &#8211; JT1 &#8211; 19\/08\/2019"},"content":{"rendered":"<p>Fonte: TV Tribuna &#8211;&nbsp;Jornal da Tribuna 1\u00aa Edi\u00e7\u00e3o<\/p>\n<p>Final de semana trouxe m\u00fasica cl\u00e1ssica para Baixada Santista.<\/p>\n<p><a target=\"_blank\" href=\"http:\/\/127.0.0.1\/acs\/wp-content\/uploads\/2019\/08\/PDF_2019_AGOSTO_CONCERTO-TVTRI-19.pdf\" rel=\"noopener\">LEIA MAIS&#8230;<\/a><\/p>\n<p><a target=\"_blank\" href=\"http:\/\/g1.globo.com\/sp\/santos-regiao\/jornal-tribuna-1edicao\/videos\/t\/edicoes\/v\/concertos-a-tribuna-reunem-publico-em-cubatao-e-santos-sp\/7854295\/\" rel=\"noopener\">VEJA MAIS&#8230;<\/a><\/p>\n","protected":false},"excerpt":{"rendered":"<p>Fonte: TV Tribuna &#8211;&nbsp;Jornal da Tribuna 1\u00aa Edi\u00e7\u00e3o Final de semana trouxe m\u00fasica cl\u00e1ssica para Baixada Santista. LEIA MAIS&#8230; VEJA MAIS&#8230;<\/p>\n","protected":false},"author":1,"featured_media":0,"comment_status":"open","ping_status":"open","sticky":false,"template":"","format":"standard","meta":{"footnotes":""},"categories":[98],"tags":[],"_links":{"self":[{"href":"https:\/\/acs.org.br\/academy\/wp-json\/wp\/v2\/posts\/88521"}],"collection":[{"href":"https:\/\/acs.org.br\/academy\/wp-json\/wp\/v2\/posts"}],"about":[{"href":"https:\/\/acs.org.br\/academy\/wp-json\/wp\/v2\/types\/post"}],"author":[{"embeddable":true,"href":"https:\/\/acs.org.br\/academy\/wp-json\/wp\/v2\/users\/1"}],"replies":[{"embeddable":true,"href":"https:\/\/acs.org.br\/academy\/wp-json\/wp\/v2\/comments?post=88521"}],"version-history":[{"count":0,"href":"https:\/\/acs.org.br\/academy\/wp-json\/wp\/v2\/posts\/88521\/revisions"}],"wp:attachment":[{"href":"https:\/\/acs.org.br\/academy\/wp-json\/wp\/v2\/media?parent=88521"}],"wp:term":[{"taxonomy":"category","embeddable":true,"href":"https:\/\/acs.org.br\/academy\/wp-json\/wp\/v2\/categories?post=88521"},{"taxonomy":"post_tag","embeddable":true,"href":"https:\/\/acs.org.br\/academy\/wp-json\/wp\/v2\/tags?post=88521"}],"curies":[{"name":"wp","href":"https:\/\/api.w.org\/{rel}","templated":true}]}}