{"id":88519,"date":"2019-08-16T00:00:00","date_gmt":"2019-08-16T03:00:00","guid":{"rendered":"http:\/\/127.0.0.1\/acs\/concerto-a-tribuna-e-promovido-neste-final-de-semana-em-santos-e-cubatao-sp-tv-tribuna-jt1-16-08-2019\/"},"modified":"2019-08-16T00:00:00","modified_gmt":"2019-08-16T03:00:00","slug":"concerto-a-tribuna-e-promovido-neste-final-de-semana-em-santos-e-cubatao-sp-tv-tribuna-jt1-16-08-2019","status":"publish","type":"post","link":"https:\/\/acs.org.br\/academy\/concerto-a-tribuna-e-promovido-neste-final-de-semana-em-santos-e-cubatao-sp-tv-tribuna-jt1-16-08-2019\/","title":{"rendered":"Concerto A Tribuna \u00e9 promovido neste final de semana em Santos e Cubat\u00e3o, SP &#8211; TV Tribuna &#8211; JT1 &#8211; 16\/08\/2019"},"content":{"rendered":"<p>Fonte: TV Tribuna &#8211; Jornal da Tribuna 1\u00aa Edi\u00e7\u00e3o<\/p>\n<p>O trio Pablo De Le\u00f3n, Hor\u00e1cio Sch\u00e9fer e Roberto Ring se apresentar\u00e3o com um convidado, o violinista Rom\u00e9l Fernandes.<\/p>\n<p><a target=\"_blank\" href=\"http:\/\/127.0.0.1\/acs\/wp-content\/uploads\/2019\/08\/PDF_2019_AGOSTO_CONCERTO-TVTRI-16.pdf\" rel=\"noopener\">LEIA MAIS&#8230;<\/a><\/p>\n<p><a target=\"_blank\" href=\"http:\/\/g1.globo.com\/sp\/santos-regiao\/jornal-tribuna-1edicao\/videos\/t\/edicoes\/v\/concerto-a-tribuna-e-promovido-neste-final-de-semana-em-santos-e-cubatao-sp\/7849090\/\" rel=\"noopener\">VEJA MAIS&#8230;<\/a><\/p>\n","protected":false},"excerpt":{"rendered":"<p>Fonte: TV Tribuna &#8211; Jornal da Tribuna 1\u00aa Edi\u00e7\u00e3o O trio Pablo De Le\u00f3n, Hor\u00e1cio Sch\u00e9fer e Roberto Ring se apresentar\u00e3o com um convidado, o violinista Rom\u00e9l Fernandes. LEIA MAIS&#8230; VEJA MAIS&#8230;<\/p>\n","protected":false},"author":1,"featured_media":0,"comment_status":"open","ping_status":"open","sticky":false,"template":"","format":"standard","meta":{"footnotes":""},"categories":[98],"tags":[],"_links":{"self":[{"href":"https:\/\/acs.org.br\/academy\/wp-json\/wp\/v2\/posts\/88519"}],"collection":[{"href":"https:\/\/acs.org.br\/academy\/wp-json\/wp\/v2\/posts"}],"about":[{"href":"https:\/\/acs.org.br\/academy\/wp-json\/wp\/v2\/types\/post"}],"author":[{"embeddable":true,"href":"https:\/\/acs.org.br\/academy\/wp-json\/wp\/v2\/users\/1"}],"replies":[{"embeddable":true,"href":"https:\/\/acs.org.br\/academy\/wp-json\/wp\/v2\/comments?post=88519"}],"version-history":[{"count":0,"href":"https:\/\/acs.org.br\/academy\/wp-json\/wp\/v2\/posts\/88519\/revisions"}],"wp:attachment":[{"href":"https:\/\/acs.org.br\/academy\/wp-json\/wp\/v2\/media?parent=88519"}],"wp:term":[{"taxonomy":"category","embeddable":true,"href":"https:\/\/acs.org.br\/academy\/wp-json\/wp\/v2\/categories?post=88519"},{"taxonomy":"post_tag","embeddable":true,"href":"https:\/\/acs.org.br\/academy\/wp-json\/wp\/v2\/tags?post=88519"}],"curies":[{"name":"wp","href":"https:\/\/api.w.org\/{rel}","templated":true}]}}