{"id":88517,"date":"2019-08-15T00:00:00","date_gmt":"2019-08-15T03:00:00","guid":{"rendered":"http:\/\/127.0.0.1\/acs\/schumann-e-schubert-no-concertos-petrobras-a-tribuna-15082019\/"},"modified":"2019-08-15T00:00:00","modified_gmt":"2019-08-15T03:00:00","slug":"schumann-e-schubert-no-concertos-petrobras-a-tribuna-15082019","status":"publish","type":"post","link":"https:\/\/acs.org.br\/academy\/schumann-e-schubert-no-concertos-petrobras-a-tribuna-15082019\/","title":{"rendered":"Schumann e Schubert no Concertos Petrobras &#8211; A Tribuna &#8211; 15\/08\/2019"},"content":{"rendered":"<p>Fonte: A Tribuna<\/p>\n<p>O trio formado pelo solista Rommel Fernandes, o violinista Pablo de Le\u00f3n e o violista Hor\u00e1cio Schaefer recebe o violoncelista Roberto Ring neste final de semana, para as tr\u00eas apresenta\u00e7\u00f5es do programa Concertos Petrobras-Tribuna<\/p>\n<p><a target=\"_blank\" href=\"http:\/\/127.0.0.1\/acs\/wp-content\/uploads\/2019\/08\/PDF_2019_AGOSTO_CONCERTO-TRI-15.pdf\" rel=\"noopener\">LEIA MAIS&#8230;<\/a><\/p>\n<p>\u00a0<\/p>\n","protected":false},"excerpt":{"rendered":"<p>Fonte: A Tribuna O trio formado pelo solista Rommel Fernandes, o violinista Pablo de Le\u00f3n e o violista Hor\u00e1cio Schaefer recebe o violoncelista Roberto Ring neste final de semana, para as tr\u00eas apresenta\u00e7\u00f5es do programa Concertos Petrobras-Tribuna LEIA MAIS&#8230; \u00a0<\/p>\n","protected":false},"author":1,"featured_media":0,"comment_status":"open","ping_status":"open","sticky":false,"template":"","format":"standard","meta":{"footnotes":""},"categories":[98],"tags":[],"_links":{"self":[{"href":"https:\/\/acs.org.br\/academy\/wp-json\/wp\/v2\/posts\/88517"}],"collection":[{"href":"https:\/\/acs.org.br\/academy\/wp-json\/wp\/v2\/posts"}],"about":[{"href":"https:\/\/acs.org.br\/academy\/wp-json\/wp\/v2\/types\/post"}],"author":[{"embeddable":true,"href":"https:\/\/acs.org.br\/academy\/wp-json\/wp\/v2\/users\/1"}],"replies":[{"embeddable":true,"href":"https:\/\/acs.org.br\/academy\/wp-json\/wp\/v2\/comments?post=88517"}],"version-history":[{"count":0,"href":"https:\/\/acs.org.br\/academy\/wp-json\/wp\/v2\/posts\/88517\/revisions"}],"wp:attachment":[{"href":"https:\/\/acs.org.br\/academy\/wp-json\/wp\/v2\/media?parent=88517"}],"wp:term":[{"taxonomy":"category","embeddable":true,"href":"https:\/\/acs.org.br\/academy\/wp-json\/wp\/v2\/categories?post=88517"},{"taxonomy":"post_tag","embeddable":true,"href":"https:\/\/acs.org.br\/academy\/wp-json\/wp\/v2\/tags?post=88517"}],"curies":[{"name":"wp","href":"https:\/\/api.w.org\/{rel}","templated":true}]}}