{"id":88515,"date":"2019-08-14T00:00:00","date_gmt":"2019-08-14T03:00:00","guid":{"rendered":"http:\/\/127.0.0.1\/acs\/apos-inaugurar-site-camara-de-petroleo-e-gas-define-estrategias-para-portal-facesp-14-08-2019\/"},"modified":"2019-08-14T00:00:00","modified_gmt":"2019-08-14T03:00:00","slug":"apos-inaugurar-site-camara-de-petroleo-e-gas-define-estrategias-para-portal-facesp-14-08-2019","status":"publish","type":"post","link":"https:\/\/acs.org.br\/academy\/apos-inaugurar-site-camara-de-petroleo-e-gas-define-estrategias-para-portal-facesp-14-08-2019\/","title":{"rendered":"Ap\u00f3s inaugurar site, C\u00e2mara de Petr\u00f3leo e G\u00e1s define estrat\u00e9gias para portal &#8211; Facesp &#8211; 14\/08\/2019"},"content":{"rendered":"<p>Fonte: Facesp<\/p>\n<p>Ap\u00f3s a inaugura\u00e7\u00e3o do site de Petr\u00f3leo e G\u00e1s ( www.acspeg.org.br ), destinado \u00e0s empresas interessadas em fornecer produtos e servi\u00e7os para petrol\u00edferas, os integrantes da C\u00e2mara Setorial de Petr\u00f3leo e G\u00e1s da Associa\u00e7\u00e3o Comercial de Santos se reuniram na manh\u00e3 desta ter\u00e7a-feira (13) para definir as estrat\u00e9gias para o portal.<\/p>\n<p><a target=\"_blank\" href=\"http:\/\/127.0.0.1\/acs\/wp-content\/uploads\/2019\/08\/PDF_2019_AGOSTO_PETROLEO-FACESP-14.pdf\" rel=\"noopener\">LEIA MAIS&#8230;<\/a><\/p>\n<p>\u00a0<\/p>\n","protected":false},"excerpt":{"rendered":"<p>Fonte: Facesp Ap\u00f3s a inaugura\u00e7\u00e3o do site de Petr\u00f3leo e G\u00e1s ( www.acspeg.org.br ), destinado \u00e0s empresas interessadas em fornecer produtos e servi\u00e7os para petrol\u00edferas, os integrantes da C\u00e2mara Setorial de Petr\u00f3leo e G\u00e1s da Associa\u00e7\u00e3o Comercial de Santos se reuniram na manh\u00e3 desta ter\u00e7a-feira (13) para definir as estrat\u00e9gias para o portal. LEIA MAIS&#8230; [&hellip;]<\/p>\n","protected":false},"author":1,"featured_media":0,"comment_status":"open","ping_status":"open","sticky":false,"template":"","format":"standard","meta":{"footnotes":""},"categories":[98],"tags":[],"_links":{"self":[{"href":"https:\/\/acs.org.br\/academy\/wp-json\/wp\/v2\/posts\/88515"}],"collection":[{"href":"https:\/\/acs.org.br\/academy\/wp-json\/wp\/v2\/posts"}],"about":[{"href":"https:\/\/acs.org.br\/academy\/wp-json\/wp\/v2\/types\/post"}],"author":[{"embeddable":true,"href":"https:\/\/acs.org.br\/academy\/wp-json\/wp\/v2\/users\/1"}],"replies":[{"embeddable":true,"href":"https:\/\/acs.org.br\/academy\/wp-json\/wp\/v2\/comments?post=88515"}],"version-history":[{"count":0,"href":"https:\/\/acs.org.br\/academy\/wp-json\/wp\/v2\/posts\/88515\/revisions"}],"wp:attachment":[{"href":"https:\/\/acs.org.br\/academy\/wp-json\/wp\/v2\/media?parent=88515"}],"wp:term":[{"taxonomy":"category","embeddable":true,"href":"https:\/\/acs.org.br\/academy\/wp-json\/wp\/v2\/categories?post=88515"},{"taxonomy":"post_tag","embeddable":true,"href":"https:\/\/acs.org.br\/academy\/wp-json\/wp\/v2\/tags?post=88515"}],"curies":[{"name":"wp","href":"https:\/\/api.w.org\/{rel}","templated":true}]}}