{"id":88513,"date":"2019-08-13T00:00:00","date_gmt":"2019-08-13T03:00:00","guid":{"rendered":"http:\/\/127.0.0.1\/acs\/acs-jovem-encerra-curso-de-empreendedorismo-e-entrega-certificados-a-participantes-facesp-13082019\/"},"modified":"2019-08-13T00:00:00","modified_gmt":"2019-08-13T03:00:00","slug":"acs-jovem-encerra-curso-de-empreendedorismo-e-entrega-certificados-a-participantes-facesp-13082019","status":"publish","type":"post","link":"https:\/\/acs.org.br\/academy\/acs-jovem-encerra-curso-de-empreendedorismo-e-entrega-certificados-a-participantes-facesp-13082019\/","title":{"rendered":"ACS Jovem encerra curso de empreendedorismo e entrega certificados a participantes &#8211; Facesp &#8211; 13\/08\/2019"},"content":{"rendered":"<p>Fonte: Facesp<\/p>\n<p>O Curso de Empreendedorismo realizado pelo n\u00facleo jovem da Associa\u00e7\u00e3o Comercial de Santos (ACS), em parceria com o Sebrae-Santos, terminou nesta sexta-feira (09). Foram cinco dias de palestras voltadas para quem pretende abrir seu neg\u00f3cio pr\u00f3prio.<\/p>\n<p><a target=\"_blank\" href=\"http:\/\/127.0.0.1\/acs\/wp-content\/uploads\/2019\/08\/PDF_2019_AGOSTO_EMPREEND-FACESP-13.pdf\" rel=\"noopener\">LEIA MAIS&#8230;<\/a><\/p>\n<p>\u00a0<\/p>\n","protected":false},"excerpt":{"rendered":"<p>Fonte: Facesp O Curso de Empreendedorismo realizado pelo n\u00facleo jovem da Associa\u00e7\u00e3o Comercial de Santos (ACS), em parceria com o Sebrae-Santos, terminou nesta sexta-feira (09). Foram cinco dias de palestras voltadas para quem pretende abrir seu neg\u00f3cio pr\u00f3prio. LEIA MAIS&#8230; \u00a0<\/p>\n","protected":false},"author":1,"featured_media":0,"comment_status":"open","ping_status":"open","sticky":false,"template":"","format":"standard","meta":{"footnotes":""},"categories":[98],"tags":[],"_links":{"self":[{"href":"https:\/\/acs.org.br\/academy\/wp-json\/wp\/v2\/posts\/88513"}],"collection":[{"href":"https:\/\/acs.org.br\/academy\/wp-json\/wp\/v2\/posts"}],"about":[{"href":"https:\/\/acs.org.br\/academy\/wp-json\/wp\/v2\/types\/post"}],"author":[{"embeddable":true,"href":"https:\/\/acs.org.br\/academy\/wp-json\/wp\/v2\/users\/1"}],"replies":[{"embeddable":true,"href":"https:\/\/acs.org.br\/academy\/wp-json\/wp\/v2\/comments?post=88513"}],"version-history":[{"count":0,"href":"https:\/\/acs.org.br\/academy\/wp-json\/wp\/v2\/posts\/88513\/revisions"}],"wp:attachment":[{"href":"https:\/\/acs.org.br\/academy\/wp-json\/wp\/v2\/media?parent=88513"}],"wp:term":[{"taxonomy":"category","embeddable":true,"href":"https:\/\/acs.org.br\/academy\/wp-json\/wp\/v2\/categories?post=88513"},{"taxonomy":"post_tag","embeddable":true,"href":"https:\/\/acs.org.br\/academy\/wp-json\/wp\/v2\/tags?post=88513"}],"curies":[{"name":"wp","href":"https:\/\/api.w.org\/{rel}","templated":true}]}}