{"id":88509,"date":"2019-08-06T00:00:00","date_gmt":"2019-08-06T03:00:00","guid":{"rendered":"http:\/\/127.0.0.1\/acs\/ligacao-entre-as-margens-do-porto-e-tema-de-reuniao-da-camara-setorial-de-navegacao-facesp-06-08-2019\/"},"modified":"2019-08-06T00:00:00","modified_gmt":"2019-08-06T03:00:00","slug":"ligacao-entre-as-margens-do-porto-e-tema-de-reuniao-da-camara-setorial-de-navegacao-facesp-06-08-2019","status":"publish","type":"post","link":"https:\/\/acs.org.br\/academy\/ligacao-entre-as-margens-do-porto-e-tema-de-reuniao-da-camara-setorial-de-navegacao-facesp-06-08-2019\/","title":{"rendered":"Liga\u00e7\u00e3o entre as margens do Porto \u00e9 tema de reuni\u00e3o da C\u00e2mara Setorial de Navega\u00e7\u00e3o &#8211; Facesp &#8211; 06\/08\/2019"},"content":{"rendered":"<p>Fonte: Facesp<\/p>\n<p>Integrantes da C\u00e2mara Setorial de Navega\u00e7\u00e3o da Associa\u00e7\u00e3o Comercial de Santos (ACS) se reuniram nesta segunda-feira (05) para saber como est\u00e1 o projeto de liga\u00e7\u00e3o entre as margens do Porto de Santos e as novidades debatidas no Conselho de Administra\u00e7\u00e3o da Codesp (Consad).<\/p>\n<p><a href=\"http:\/\/127.0.0.1\/acs\/wp-content\/uploads\/2019\/08\/PDF_2019_AGOSTO_NAVEGACAO-FACESP-06.pdf\" target=\"_blank\" rel=\"noopener\">LEIA MAIS&#8230;<\/a><\/p>\n","protected":false},"excerpt":{"rendered":"<p>Fonte: Facesp Integrantes da C\u00e2mara Setorial de Navega\u00e7\u00e3o da Associa\u00e7\u00e3o Comercial de Santos (ACS) se reuniram nesta segunda-feira (05) para saber como est\u00e1 o projeto de liga\u00e7\u00e3o entre as margens do Porto de Santos e as novidades debatidas no Conselho de Administra\u00e7\u00e3o da Codesp (Consad). LEIA MAIS&#8230;<\/p>\n","protected":false},"author":1,"featured_media":0,"comment_status":"open","ping_status":"open","sticky":false,"template":"","format":"standard","meta":{"footnotes":""},"categories":[98],"tags":[],"_links":{"self":[{"href":"https:\/\/acs.org.br\/academy\/wp-json\/wp\/v2\/posts\/88509"}],"collection":[{"href":"https:\/\/acs.org.br\/academy\/wp-json\/wp\/v2\/posts"}],"about":[{"href":"https:\/\/acs.org.br\/academy\/wp-json\/wp\/v2\/types\/post"}],"author":[{"embeddable":true,"href":"https:\/\/acs.org.br\/academy\/wp-json\/wp\/v2\/users\/1"}],"replies":[{"embeddable":true,"href":"https:\/\/acs.org.br\/academy\/wp-json\/wp\/v2\/comments?post=88509"}],"version-history":[{"count":0,"href":"https:\/\/acs.org.br\/academy\/wp-json\/wp\/v2\/posts\/88509\/revisions"}],"wp:attachment":[{"href":"https:\/\/acs.org.br\/academy\/wp-json\/wp\/v2\/media?parent=88509"}],"wp:term":[{"taxonomy":"category","embeddable":true,"href":"https:\/\/acs.org.br\/academy\/wp-json\/wp\/v2\/categories?post=88509"},{"taxonomy":"post_tag","embeddable":true,"href":"https:\/\/acs.org.br\/academy\/wp-json\/wp\/v2\/tags?post=88509"}],"curies":[{"name":"wp","href":"https:\/\/api.w.org\/{rel}","templated":true}]}}