{"id":88507,"date":"2019-08-06T00:00:00","date_gmt":"2019-08-06T03:00:00","guid":{"rendered":"http:\/\/127.0.0.1\/acs\/acs-jovem-promove-curso-de-empreendedorismo-em-parceria-com-sebrae-facesp-06082019\/"},"modified":"2019-08-06T00:00:00","modified_gmt":"2019-08-06T03:00:00","slug":"acs-jovem-promove-curso-de-empreendedorismo-em-parceria-com-sebrae-facesp-06082019","status":"publish","type":"post","link":"https:\/\/acs.org.br\/academy\/acs-jovem-promove-curso-de-empreendedorismo-em-parceria-com-sebrae-facesp-06082019\/","title":{"rendered":"ACS Jovem promove curso de empreendedorismo em parceria com Sebrae &#8211; Facesp &#8211; 06\/08\/2019"},"content":{"rendered":"<p>Fonte: Facesp<\/p>\n<p>O Curso de Empreendedorismo realizado pelo n\u00facleo jovem da Associa\u00e7\u00e3o Comercial de Santos (ACS), em parceria com o Sebrae-Santos, teve in\u00edcio na manh\u00e3 desta segunda-feira (05).<\/p>\n<p><a target=\"_blank\" href=\"http:\/\/127.0.0.1\/acs\/wp-content\/uploads\/2019\/08\/PDF_2019_AGOSTO_EMPREEND-FACESP-06.pdf\" rel=\"noopener\">LEIA MAIS&#8230;<\/a><\/p>\n<p>\u00a0<\/p>\n","protected":false},"excerpt":{"rendered":"<p>Fonte: Facesp O Curso de Empreendedorismo realizado pelo n\u00facleo jovem da Associa\u00e7\u00e3o Comercial de Santos (ACS), em parceria com o Sebrae-Santos, teve in\u00edcio na manh\u00e3 desta segunda-feira (05). LEIA MAIS&#8230; \u00a0<\/p>\n","protected":false},"author":1,"featured_media":0,"comment_status":"open","ping_status":"open","sticky":false,"template":"","format":"standard","meta":{"footnotes":""},"categories":[98],"tags":[],"_links":{"self":[{"href":"https:\/\/acs.org.br\/academy\/wp-json\/wp\/v2\/posts\/88507"}],"collection":[{"href":"https:\/\/acs.org.br\/academy\/wp-json\/wp\/v2\/posts"}],"about":[{"href":"https:\/\/acs.org.br\/academy\/wp-json\/wp\/v2\/types\/post"}],"author":[{"embeddable":true,"href":"https:\/\/acs.org.br\/academy\/wp-json\/wp\/v2\/users\/1"}],"replies":[{"embeddable":true,"href":"https:\/\/acs.org.br\/academy\/wp-json\/wp\/v2\/comments?post=88507"}],"version-history":[{"count":0,"href":"https:\/\/acs.org.br\/academy\/wp-json\/wp\/v2\/posts\/88507\/revisions"}],"wp:attachment":[{"href":"https:\/\/acs.org.br\/academy\/wp-json\/wp\/v2\/media?parent=88507"}],"wp:term":[{"taxonomy":"category","embeddable":true,"href":"https:\/\/acs.org.br\/academy\/wp-json\/wp\/v2\/categories?post=88507"},{"taxonomy":"post_tag","embeddable":true,"href":"https:\/\/acs.org.br\/academy\/wp-json\/wp\/v2\/tags?post=88507"}],"curies":[{"name":"wp","href":"https:\/\/api.w.org\/{rel}","templated":true}]}}