{"id":88503,"date":"2019-08-02T00:00:00","date_gmt":"2019-08-02T03:00:00","guid":{"rendered":"http:\/\/127.0.0.1\/acs\/associacao-comercial-de-santos-recebe-programa-concertos-petrobras-tribuna-facesp-02-08-2019\/"},"modified":"2019-08-02T00:00:00","modified_gmt":"2019-08-02T03:00:00","slug":"associacao-comercial-de-santos-recebe-programa-concertos-petrobras-tribuna-facesp-02-08-2019","status":"publish","type":"post","link":"https:\/\/acs.org.br\/academy\/associacao-comercial-de-santos-recebe-programa-concertos-petrobras-tribuna-facesp-02-08-2019\/","title":{"rendered":"Associa\u00e7\u00e3o Comercial de Santos recebe programa Concertos Petrobras-Tribuna &#8211; Facesp &#8211; 02\/08\/2019"},"content":{"rendered":"<p>Fonte: Facesp<\/p>\n<p>A Associa\u00e7\u00e3o Comercial de Santos (ACS) receber\u00e1, no dia 18 de agosto, em duas sess\u00f5es (17 e 19 horas) o programa Concertos Petrobras-Tribuna, que consiste em apresenta\u00e7\u00f5es singulares, que reunir\u00e3o, nesta edi\u00e7\u00e3o, o solista Rommel Fernandes, violinista Pablo de Le\u00f3n, o violista Hor\u00e1cio Schaefer e o violoncelista Roberto Ring.<\/p>\n<p><a target=\"_blank\" href=\"http:\/\/127.0.0.1\/acs\/wp-content\/uploads\/2019\/08\/PDF_2019_AGOSTO_CONCERTO-FACESP-02.pdf\" rel=\"noopener\">LEIA MAIS&#8230;<\/a><\/p>\n","protected":false},"excerpt":{"rendered":"<p>Fonte: Facesp A Associa\u00e7\u00e3o Comercial de Santos (ACS) receber\u00e1, no dia 18 de agosto, em duas sess\u00f5es (17 e 19 horas) o programa Concertos Petrobras-Tribuna, que consiste em apresenta\u00e7\u00f5es singulares, que reunir\u00e3o, nesta edi\u00e7\u00e3o, o solista Rommel Fernandes, violinista Pablo de Le\u00f3n, o violista Hor\u00e1cio Schaefer e o violoncelista Roberto Ring. LEIA MAIS&#8230;<\/p>\n","protected":false},"author":1,"featured_media":0,"comment_status":"open","ping_status":"open","sticky":false,"template":"","format":"standard","meta":{"footnotes":""},"categories":[98],"tags":[],"_links":{"self":[{"href":"https:\/\/acs.org.br\/academy\/wp-json\/wp\/v2\/posts\/88503"}],"collection":[{"href":"https:\/\/acs.org.br\/academy\/wp-json\/wp\/v2\/posts"}],"about":[{"href":"https:\/\/acs.org.br\/academy\/wp-json\/wp\/v2\/types\/post"}],"author":[{"embeddable":true,"href":"https:\/\/acs.org.br\/academy\/wp-json\/wp\/v2\/users\/1"}],"replies":[{"embeddable":true,"href":"https:\/\/acs.org.br\/academy\/wp-json\/wp\/v2\/comments?post=88503"}],"version-history":[{"count":0,"href":"https:\/\/acs.org.br\/academy\/wp-json\/wp\/v2\/posts\/88503\/revisions"}],"wp:attachment":[{"href":"https:\/\/acs.org.br\/academy\/wp-json\/wp\/v2\/media?parent=88503"}],"wp:term":[{"taxonomy":"category","embeddable":true,"href":"https:\/\/acs.org.br\/academy\/wp-json\/wp\/v2\/categories?post=88503"},{"taxonomy":"post_tag","embeddable":true,"href":"https:\/\/acs.org.br\/academy\/wp-json\/wp\/v2\/tags?post=88503"}],"curies":[{"name":"wp","href":"https:\/\/api.w.org\/{rel}","templated":true}]}}