{"id":88499,"date":"2019-08-01T00:00:00","date_gmt":"2019-08-01T03:00:00","guid":{"rendered":"http:\/\/127.0.0.1\/acs\/camara-de-ensino-define-detalhes-para-i-congresso-empresa-meu-futuro-facesp-01-08-2019\/"},"modified":"2019-08-01T00:00:00","modified_gmt":"2019-08-01T03:00:00","slug":"camara-de-ensino-define-detalhes-para-i-congresso-empresa-meu-futuro-facesp-01-08-2019","status":"publish","type":"post","link":"https:\/\/acs.org.br\/academy\/camara-de-ensino-define-detalhes-para-i-congresso-empresa-meu-futuro-facesp-01-08-2019\/","title":{"rendered":"C\u00e2mara de Ensino define detalhes para &#8216;I Congresso Empresa &#8211; Meu Futuro&#8217; &#8211; Facesp &#8211; 01\/08\/2019"},"content":{"rendered":"<p>Fonte: Facesp<\/p>\n<p>A C\u00e2mara Setorial das Institui\u00e7\u00f5es de Ensino da Associa\u00e7\u00e3o Comercial de Santos (ACS) iniciou os preparativos para o &#8216;I Congresso Empresa &#8211; Meu Futuro&#8217;, que ser\u00e1 realizado de 19 a 21 de mar\u00e7o de 2020.<\/p>\n<p><a href=\"http:\/\/127.0.0.1\/acs\/wp-content\/uploads\/2019\/08\/PDF_2019_AGOSTO_ENSINO-FACESP-01.pdf\" target=\"_blank\" rel=\"noopener\">LEIA MAIS&#8230;<\/a><\/p>\n","protected":false},"excerpt":{"rendered":"<p>Fonte: Facesp A C\u00e2mara Setorial das Institui\u00e7\u00f5es de Ensino da Associa\u00e7\u00e3o Comercial de Santos (ACS) iniciou os preparativos para o &#8216;I Congresso Empresa &#8211; Meu Futuro&#8217;, que ser\u00e1 realizado de 19 a 21 de mar\u00e7o de 2020. LEIA MAIS&#8230;<\/p>\n","protected":false},"author":1,"featured_media":0,"comment_status":"open","ping_status":"open","sticky":false,"template":"","format":"standard","meta":{"footnotes":""},"categories":[98],"tags":[],"_links":{"self":[{"href":"https:\/\/acs.org.br\/academy\/wp-json\/wp\/v2\/posts\/88499"}],"collection":[{"href":"https:\/\/acs.org.br\/academy\/wp-json\/wp\/v2\/posts"}],"about":[{"href":"https:\/\/acs.org.br\/academy\/wp-json\/wp\/v2\/types\/post"}],"author":[{"embeddable":true,"href":"https:\/\/acs.org.br\/academy\/wp-json\/wp\/v2\/users\/1"}],"replies":[{"embeddable":true,"href":"https:\/\/acs.org.br\/academy\/wp-json\/wp\/v2\/comments?post=88499"}],"version-history":[{"count":0,"href":"https:\/\/acs.org.br\/academy\/wp-json\/wp\/v2\/posts\/88499\/revisions"}],"wp:attachment":[{"href":"https:\/\/acs.org.br\/academy\/wp-json\/wp\/v2\/media?parent=88499"}],"wp:term":[{"taxonomy":"category","embeddable":true,"href":"https:\/\/acs.org.br\/academy\/wp-json\/wp\/v2\/categories?post=88499"},{"taxonomy":"post_tag","embeddable":true,"href":"https:\/\/acs.org.br\/academy\/wp-json\/wp\/v2\/tags?post=88499"}],"curies":[{"name":"wp","href":"https:\/\/api.w.org\/{rel}","templated":true}]}}