{"id":87239,"date":"2019-06-11T09:08:44","date_gmt":"2019-06-11T12:08:44","guid":{"rendered":"http:\/\/127.0.0.1\/acs\/despachantes\/"},"modified":"2019-06-11T09:08:44","modified_gmt":"2019-06-11T12:08:44","slug":"despachantes","status":"publish","type":"post","link":"https:\/\/acs.org.br\/academy\/despachantes\/","title":{"rendered":"C\u00e2mara Setorial de Assuntos Aduaneiros e Portu\u00e1rios  enviar\u00e1 dificuldades do setor \u00e0 Antaq"},"content":{"rendered":"<p>Fonte: Departamento de Comunica\u00e7\u00e3o da ACS<\/p>\n<p>A C\u00e2mara Setorial de Assuntos Aduaneiros e Portu\u00e1rios da Associa\u00e7\u00e3o Comercial de Santos (ACS) &nbsp;levantar\u00e1 dificuldades encontradas relacionadas ao armazenamento e ao alto-custo para serem encaminhadas \u00e0 Ag\u00eancia Nacional de Transportes Aquavi\u00e1rios (Antaq). A decis\u00e3o foi tomada na primeira reuni\u00e3o da C\u00e2mara do ano realizada nesta segunda-feira (10).<\/p>\n<\/p>\n<p>De acordo com o coordenador da C\u00e2mara, Rodrigo Luiz Zanethi, a ideia de retomar as reuni\u00f5es foi para discutir quest\u00f5es aduaneiras e portu\u00e1rias que s\u00e3o importantes para a regi\u00e3o.  &#8220;Esperamos, por meio da Associa\u00e7\u00e3o Comercial, reunir as pend\u00eancias e as dificuldades no setor. Assim ganharemos for\u00e7a para cobrar as autoridades. Para isso, ficou definido que em toda primeira quinta-feira do m\u00eas vamos nos reunir para trocar informa\u00e7\u00f5es&#8221;.<\/p>\n<p> At\u00e9 o pr\u00f3ximo dia 17, a Antaq abriu consulta p\u00fablica para obter contribui\u00e7\u00f5es, subs\u00eddios e sugest\u00f5es para o aprimoramento da proposta de metodologia de an\u00e1lise de reajuste e abusividade de pre\u00e7os dos terminais portu\u00e1rios autorizados e arrendados. &#8220;Irei reunir todas as ideias, sugest\u00f5es e contribui\u00e7\u00f5es e encaminhar \u00e0 Ag\u00eancia para que eles fiquem cientes dos problemas que enfrentamos aqui&#8221;.<\/p>\n<p>Al\u00e9m da quest\u00e3o do armazenamento, Zanethi lembrou que outros dois problemas, como a falta de infraestrutura e a inseguran\u00e7a jur\u00eddica dos contratos dos terminais, tamb\u00e9m devem ser analisados pela C\u00e2mara futuramente.<\/p>\n<p><img loading=\"lazy\" decoding=\"async\" class=\" size-full wp-image-87234\" src=\"http:\/\/127.0.0.1\/acs\/wp-content\/uploads\/2019\/06\/WEB_2019_JUNHO_ASSUNTOSADUANEIROS-W_ASSUNTOSADUANEIROS_0009.jpg\" width=\"570\" height=\"417\" srcset=\"https:\/\/acs.org.br\/academy\/wp-content\/uploads\/2019\/06\/WEB_2019_JUNHO_ASSUNTOSADUANEIROS-W_ASSUNTOSADUANEIROS_0009.jpg 570w, https:\/\/acs.org.br\/academy\/wp-content\/uploads\/2019\/06\/WEB_2019_JUNHO_ASSUNTOSADUANEIROS-W_ASSUNTOSADUANEIROS_0009-300x219.jpg 300w\" sizes=\"(max-width: 570px) 100vw, 570px\" \/><\/p>\n<p><img loading=\"lazy\" decoding=\"async\" class=\" size-full wp-image-87235\" src=\"http:\/\/127.0.0.1\/acs\/wp-content\/uploads\/2019\/06\/WEB_2019_JUNHO_ASSUNTOSADUANEIROS-W_ASSUNTOSADUANEIROS_0001.jpg\" width=\"570\" height=\"421\" srcset=\"https:\/\/acs.org.br\/academy\/wp-content\/uploads\/2019\/06\/WEB_2019_JUNHO_ASSUNTOSADUANEIROS-W_ASSUNTOSADUANEIROS_0001.jpg 570w, https:\/\/acs.org.br\/academy\/wp-content\/uploads\/2019\/06\/WEB_2019_JUNHO_ASSUNTOSADUANEIROS-W_ASSUNTOSADUANEIROS_0001-300x222.jpg 300w\" sizes=\"(max-width: 570px) 100vw, 570px\" \/><\/p>\n<p><img loading=\"lazy\" decoding=\"async\" class=\" size-full wp-image-87236\" src=\"http:\/\/127.0.0.1\/acs\/wp-content\/uploads\/2019\/06\/WEB_2019_JUNHO_ASSUNTOSADUANEIROS-W_ASSUNTOSADUANEIROS_0010.jpg\" width=\"570\" height=\"436\" srcset=\"https:\/\/acs.org.br\/academy\/wp-content\/uploads\/2019\/06\/WEB_2019_JUNHO_ASSUNTOSADUANEIROS-W_ASSUNTOSADUANEIROS_0010.jpg 570w, https:\/\/acs.org.br\/academy\/wp-content\/uploads\/2019\/06\/WEB_2019_JUNHO_ASSUNTOSADUANEIROS-W_ASSUNTOSADUANEIROS_0010-300x229.jpg 300w\" sizes=\"(max-width: 570px) 100vw, 570px\" \/><\/p>\n<p><img loading=\"lazy\" decoding=\"async\" class=\" size-full wp-image-87237\" src=\"http:\/\/127.0.0.1\/acs\/wp-content\/uploads\/2019\/06\/WEB_2019_JUNHO_ASSUNTOSADUANEIROS-W_ASSUNTOSADUANEIROS_0013.jpg\" width=\"570\" height=\"410\" srcset=\"https:\/\/acs.org.br\/academy\/wp-content\/uploads\/2019\/06\/WEB_2019_JUNHO_ASSUNTOSADUANEIROS-W_ASSUNTOSADUANEIROS_0013.jpg 570w, https:\/\/acs.org.br\/academy\/wp-content\/uploads\/2019\/06\/WEB_2019_JUNHO_ASSUNTOSADUANEIROS-W_ASSUNTOSADUANEIROS_0013-300x216.jpg 300w\" sizes=\"(max-width: 570px) 100vw, 570px\" \/><\/p>\n<p><img loading=\"lazy\" decoding=\"async\" class=\" size-full wp-image-87238\" src=\"http:\/\/127.0.0.1\/acs\/wp-content\/uploads\/2019\/06\/WEB_2019_JUNHO_ASSUNTOSADUANEIROS-W_ASSUNTOSADUANEIROS_0019.jpg\" width=\"570\" height=\"410\" srcset=\"https:\/\/acs.org.br\/academy\/wp-content\/uploads\/2019\/06\/WEB_2019_JUNHO_ASSUNTOSADUANEIROS-W_ASSUNTOSADUANEIROS_0019.jpg 570w, https:\/\/acs.org.br\/academy\/wp-content\/uploads\/2019\/06\/WEB_2019_JUNHO_ASSUNTOSADUANEIROS-W_ASSUNTOSADUANEIROS_0019-300x216.jpg 300w\" sizes=\"(max-width: 570px) 100vw, 570px\" \/><\/p>\n","protected":false},"excerpt":{"rendered":"<p>Fonte: Departamento de Comunica\u00e7\u00e3o da ACS A C\u00e2mara Setorial de Assuntos Aduaneiros e Portu\u00e1rios da Associa\u00e7\u00e3o Comercial de Santos (ACS) &nbsp;levantar\u00e1 dificuldades encontradas relacionadas ao armazenamento e ao alto-custo para serem encaminhadas \u00e0 Ag\u00eancia Nacional de Transportes Aquavi\u00e1rios (Antaq). A decis\u00e3o foi tomada na primeira reuni\u00e3o da C\u00e2mara do ano realizada nesta segunda-feira (10). De [&hellip;]<\/p>\n","protected":false},"author":1,"featured_media":87233,"comment_status":"open","ping_status":"open","sticky":false,"template":"","format":"standard","meta":{"footnotes":""},"categories":[84],"tags":[],"_links":{"self":[{"href":"https:\/\/acs.org.br\/academy\/wp-json\/wp\/v2\/posts\/87239"}],"collection":[{"href":"https:\/\/acs.org.br\/academy\/wp-json\/wp\/v2\/posts"}],"about":[{"href":"https:\/\/acs.org.br\/academy\/wp-json\/wp\/v2\/types\/post"}],"author":[{"embeddable":true,"href":"https:\/\/acs.org.br\/academy\/wp-json\/wp\/v2\/users\/1"}],"replies":[{"embeddable":true,"href":"https:\/\/acs.org.br\/academy\/wp-json\/wp\/v2\/comments?post=87239"}],"version-history":[{"count":0,"href":"https:\/\/acs.org.br\/academy\/wp-json\/wp\/v2\/posts\/87239\/revisions"}],"wp:featuredmedia":[{"embeddable":true,"href":"https:\/\/acs.org.br\/academy\/wp-json\/wp\/v2\/media\/87233"}],"wp:attachment":[{"href":"https:\/\/acs.org.br\/academy\/wp-json\/wp\/v2\/media?parent=87239"}],"wp:term":[{"taxonomy":"category","embeddable":true,"href":"https:\/\/acs.org.br\/academy\/wp-json\/wp\/v2\/categories?post=87239"},{"taxonomy":"post_tag","embeddable":true,"href":"https:\/\/acs.org.br\/academy\/wp-json\/wp\/v2\/tags?post=87239"}],"curies":[{"name":"wp","href":"https:\/\/api.w.org\/{rel}","templated":true}]}}