{"id":87216,"date":"2019-06-08T00:00:00","date_gmt":"2019-06-08T03:00:00","guid":{"rendered":"http:\/\/127.0.0.1\/acs\/comercio-da-regiao-central-de-santos-ganha-novo-estimulo-a-tribuna-capa-08-06-2019\/"},"modified":"2019-06-08T00:00:00","modified_gmt":"2019-06-08T03:00:00","slug":"comercio-da-regiao-central-de-santos-ganha-novo-estimulo-a-tribuna-capa-08-06-2019","status":"publish","type":"post","link":"https:\/\/acs.org.br\/academy\/comercio-da-regiao-central-de-santos-ganha-novo-estimulo-a-tribuna-capa-08-06-2019\/","title":{"rendered":"Com\u00e9rcio da regi\u00e3o central de Santos ganha novo est\u00edmulo &#8211; A Tribuna (capa) &#8211; 08\/06\/2019"},"content":{"rendered":"<p>Fonte: A Tribuna<\/p>\n<p>Empres\u00e1rios ou comerciantes que desejam se instalar na regi\u00e3o central de Santos acabam de receber um novo est\u00edmulo.<\/p>\n<p><a href=\"http:\/\/127.0.0.1\/acs\/wp-content\/uploads\/2019\/06\/PDF_2019_JUNHO_PROGRAMA-PMS-TRI-CAPA-08.pdf\" target=\"_blank\" rel=\"noopener\">LEIA MAIS&#8230;<\/a><\/p>\n","protected":false},"excerpt":{"rendered":"<p>Fonte: A Tribuna Empres\u00e1rios ou comerciantes que desejam se instalar na regi\u00e3o central de Santos acabam de receber um novo est\u00edmulo. LEIA MAIS&#8230;<\/p>\n","protected":false},"author":1,"featured_media":0,"comment_status":"open","ping_status":"open","sticky":false,"template":"","format":"standard","meta":{"footnotes":""},"categories":[98],"tags":[],"_links":{"self":[{"href":"https:\/\/acs.org.br\/academy\/wp-json\/wp\/v2\/posts\/87216"}],"collection":[{"href":"https:\/\/acs.org.br\/academy\/wp-json\/wp\/v2\/posts"}],"about":[{"href":"https:\/\/acs.org.br\/academy\/wp-json\/wp\/v2\/types\/post"}],"author":[{"embeddable":true,"href":"https:\/\/acs.org.br\/academy\/wp-json\/wp\/v2\/users\/1"}],"replies":[{"embeddable":true,"href":"https:\/\/acs.org.br\/academy\/wp-json\/wp\/v2\/comments?post=87216"}],"version-history":[{"count":0,"href":"https:\/\/acs.org.br\/academy\/wp-json\/wp\/v2\/posts\/87216\/revisions"}],"wp:attachment":[{"href":"https:\/\/acs.org.br\/academy\/wp-json\/wp\/v2\/media?parent=87216"}],"wp:term":[{"taxonomy":"category","embeddable":true,"href":"https:\/\/acs.org.br\/academy\/wp-json\/wp\/v2\/categories?post=87216"},{"taxonomy":"post_tag","embeddable":true,"href":"https:\/\/acs.org.br\/academy\/wp-json\/wp\/v2\/tags?post=87216"}],"curies":[{"name":"wp","href":"https:\/\/api.w.org\/{rel}","templated":true}]}}