{"id":87097,"date":"2019-05-31T00:00:00","date_gmt":"2019-05-31T03:00:00","guid":{"rendered":"http:\/\/127.0.0.1\/acs\/presidente-da-codesp-comparece-a-acs-para-falar-dos-planos-para-companhia-tv-tribuna-jt1-31-05-2019\/"},"modified":"2019-05-31T00:00:00","modified_gmt":"2019-05-31T03:00:00","slug":"presidente-da-codesp-comparece-a-acs-para-falar-dos-planos-para-companhia-tv-tribuna-jt1-31-05-2019","status":"publish","type":"post","link":"https:\/\/acs.org.br\/academy\/presidente-da-codesp-comparece-a-acs-para-falar-dos-planos-para-companhia-tv-tribuna-jt1-31-05-2019\/","title":{"rendered":"Presidente da Codesp comparece \u00e0 ACS para falar dos planos para companhia \u2013 TV Tribuna-JT1 &#8211; 31\/05\/2019"},"content":{"rendered":"<p>Fonte: Jornal da Tribuna 1\u00aa edi\u00e7\u00e3o<\/p>\n<p>Casemiro Tercio abordou com os empres\u00e1rios como quer modernizar a companhia e trabalhar com as universidades da regi\u00e3o.<\/p>\n<p><a target=\"_blank\" href=\"http:\/\/127.0.0.1\/acs\/wp-content\/uploads\/2019\/05\/PDF_2019_MAIO_RODADA-TVTRI-JT1-31.pdf\" rel=\"noopener\">LEIA MAIS&#8230;<\/a><\/p>\n<p><a target=\"_blank\" href=\"http:\/\/g1.globo.com\/sp\/santos-regiao\/jornal-tribuna-1edicao\/videos\/t\/edicoes\/v\/presidente-da-codesp-comparece-a-acs-para-falar-dos-planos-para-companhia\/7655536\/\" rel=\"noopener\">VEJA MAIS&#8230;<\/a><\/p>\n","protected":false},"excerpt":{"rendered":"<p>Fonte: Jornal da Tribuna 1\u00aa edi\u00e7\u00e3o Casemiro Tercio abordou com os empres\u00e1rios como quer modernizar a companhia e trabalhar com as universidades da regi\u00e3o. LEIA MAIS&#8230; VEJA MAIS&#8230;<\/p>\n","protected":false},"author":1,"featured_media":0,"comment_status":"open","ping_status":"open","sticky":false,"template":"","format":"standard","meta":{"footnotes":""},"categories":[98],"tags":[],"_links":{"self":[{"href":"https:\/\/acs.org.br\/academy\/wp-json\/wp\/v2\/posts\/87097"}],"collection":[{"href":"https:\/\/acs.org.br\/academy\/wp-json\/wp\/v2\/posts"}],"about":[{"href":"https:\/\/acs.org.br\/academy\/wp-json\/wp\/v2\/types\/post"}],"author":[{"embeddable":true,"href":"https:\/\/acs.org.br\/academy\/wp-json\/wp\/v2\/users\/1"}],"replies":[{"embeddable":true,"href":"https:\/\/acs.org.br\/academy\/wp-json\/wp\/v2\/comments?post=87097"}],"version-history":[{"count":0,"href":"https:\/\/acs.org.br\/academy\/wp-json\/wp\/v2\/posts\/87097\/revisions"}],"wp:attachment":[{"href":"https:\/\/acs.org.br\/academy\/wp-json\/wp\/v2\/media?parent=87097"}],"wp:term":[{"taxonomy":"category","embeddable":true,"href":"https:\/\/acs.org.br\/academy\/wp-json\/wp\/v2\/categories?post=87097"},{"taxonomy":"post_tag","embeddable":true,"href":"https:\/\/acs.org.br\/academy\/wp-json\/wp\/v2\/tags?post=87097"}],"curies":[{"name":"wp","href":"https:\/\/api.w.org\/{rel}","templated":true}]}}