{"id":87080,"date":"2019-05-30T14:29:51","date_gmt":"2019-05-30T17:29:51","guid":{"rendered":"http:\/\/127.0.0.1\/acs\/presidente-da-codesp-casemiro-tercio-fala-sobre-mudancas-na-sua-gestao-na-3o-rodada-da-cidadania\/"},"modified":"2019-05-30T14:29:51","modified_gmt":"2019-05-30T17:29:51","slug":"presidente-da-codesp-casemiro-tercio-fala-sobre-mudancas-na-sua-gestao-na-3o-rodada-da-cidadania","status":"publish","type":"post","link":"https:\/\/acs.org.br\/academy\/presidente-da-codesp-casemiro-tercio-fala-sobre-mudancas-na-sua-gestao-na-3o-rodada-da-cidadania\/","title":{"rendered":"Presidente da Codesp Casemiro Tercio fala sobre mudan\u00e7as na sua gest\u00e3o na 3\u00ba Rodada da Cidadania"},"content":{"rendered":"<p>Fonte: Departamento de Comunica\u00e7\u00e3o<\/p>\n<p>A Associa\u00e7\u00e3o Comercial de Santos (ACS), por meio de sua C\u00e2mara Setorial das Institui\u00e7\u00f5es de Ensino,&nbsp; promoveu na manh\u00e3 desta quinta-feira (30) a 3\u00aa Rodada&nbsp; da Cidadania e teve como tema principal o futuro do Porto de Santos. <\/p>\n<p style=\"margin-bottom: 12.0pt;\" class=\"xmsonormal\">Para falar sobre as diretrizes tomadas pela estatal, o presidente da Codesp Casemiro Tercio Carvalho palestrou durante um pouco mais de uma hora a autoridades portu\u00e1rias, empres\u00e1rios do setor, pol\u00edticos e professores.<\/p>\n<p><img loading=\"lazy\" decoding=\"async\" class=\" size-full wp-image-87071\" src=\"http:\/\/127.0.0.1\/acs\/wp-content\/uploads\/2019\/05\/WEB_2019_MAIO_RODADA-W_RODADA_0070.jpg\" width=\"570\" height=\"451\" srcset=\"https:\/\/acs.org.br\/academy\/wp-content\/uploads\/2019\/05\/WEB_2019_MAIO_RODADA-W_RODADA_0070.jpg 570w, https:\/\/acs.org.br\/academy\/wp-content\/uploads\/2019\/05\/WEB_2019_MAIO_RODADA-W_RODADA_0070-300x237.jpg 300w\" sizes=\"(max-width: 570px) 100vw, 570px\" \/><\/p>\n<p>Na cerim\u00f4nia de abertura, o vice-presidente da Associa\u00e7\u00e3o Comercial de Santos (ACS), Vicente do Valle, ressaltou a import\u00e2ncia do trabalho que vem sendo implantado por Casemiro Tercio. &#8220;A gest\u00e3o da Codesp, esse novo Governo, tem sido um marco para a nossa regi\u00e3o e para o pr\u00f3prio pa\u00eds.&nbsp; A maneira em que \u00e9 conduzida essa nova gest\u00e3o, com caracter\u00edsticas de mercado bastante interessantes e com uma vis\u00e3o de estado, j\u00e1 \u00e9 um diferencial&#8221;.<\/p>\n<p><img loading=\"lazy\" decoding=\"async\" class=\" size-full wp-image-87072\" src=\"http:\/\/127.0.0.1\/acs\/wp-content\/uploads\/2019\/05\/WEB_2019_MAIO_RODADA-W_RODADA_0045.jpg\" width=\"570\" height=\"687\" srcset=\"https:\/\/acs.org.br\/academy\/wp-content\/uploads\/2019\/05\/WEB_2019_MAIO_RODADA-W_RODADA_0045.jpg 570w, https:\/\/acs.org.br\/academy\/wp-content\/uploads\/2019\/05\/WEB_2019_MAIO_RODADA-W_RODADA_0045-249x300.jpg 249w\" sizes=\"(max-width: 570px) 100vw, 570px\" \/><\/p>\n<p class=\"xmsonormal\">J\u00e1 a coordenadora da C\u00e2mara Setorial das Institui\u00e7\u00f5es de Ensino, Silvia Teixeira Penteado, disse que o objetivo das rodadas da cidadania \u00e9 realizar um di\u00e1logo que possa resultar na melhoria da sociedade. &#8220;\u00c9 um privil\u00e9gio que a ACS, nesta data, tenha uma presen\u00e7a t\u00e3o ilustre e ao mesmo tempo significativa e empreendedora. Esses ares de integra\u00e7\u00e3o, que visam somar a cultura, a cidadania, enfim, as coisas que existem na nossa regi\u00e3o em uma institui\u00e7\u00e3o praticamente centen\u00e1ria s\u00e3o muito importantes\u201d.<\/p>\n<p><img loading=\"lazy\" decoding=\"async\" class=\" size-full wp-image-87073\" src=\"http:\/\/127.0.0.1\/acs\/wp-content\/uploads\/2019\/05\/WEB_2019_MAIO_RODADA-W_RODADA_0053.jpg\" width=\"570\" height=\"415\" srcset=\"https:\/\/acs.org.br\/academy\/wp-content\/uploads\/2019\/05\/WEB_2019_MAIO_RODADA-W_RODADA_0053.jpg 570w, https:\/\/acs.org.br\/academy\/wp-content\/uploads\/2019\/05\/WEB_2019_MAIO_RODADA-W_RODADA_0053-300x218.jpg 300w\" sizes=\"(max-width: 570px) 100vw, 570px\" \/><\/p>\n<p><b>O Porto do Futuro<\/b><\/p>\n<p> Casemiro destacou que o alicerce de seu trabalho \u00e9 reestrutura\u00e7\u00e3o da empresa. &#8220;Temos que olhar a empresa como uma companhia. A moderniza\u00e7\u00e3o e a mudan\u00e7a da cultura corporativa s\u00e3o essenciais. Para se ter o melhor Porto da Am\u00e9rica Latina, e n\u00e3o s\u00f3 o maior, \u00e9 preciso mudar a base. Ter o melhor pre\u00e7o, menos avarias, mais rapidez, n\u00e3o ter furtos de carga e n\u00e3o ser um porto, o qual a droga saia por ele. Esse deve ser o caminho&#8221;.<\/p>\n<p>Al\u00e9m do corte de gastos, Casemiro disse que houve altera\u00e7\u00e3o de 100% da diretoria e, por isso, muitos profissionais&nbsp;foram substitu\u00eddos. &#8220;Identificamos algumas pessoas que foram colocadas de escanteio e que podem contribuir bem mais com a empresa&#8221;.<\/p>\n<p>Outras duas vertentes levantadas pelo presidente s\u00e3o os contratos de arrendamento e concess\u00f5es de servi\u00e7os do canal de dragagem. &#8220;\u00c9 necess\u00e1rio&nbsp; uma repagina\u00e7\u00e3o do condom\u00ednio portu\u00e1rio. Existem \u00e1reas no Porto de Santos que n\u00e3o t\u00eam sentido. \u00c9 poss\u00edvel consolidar e determinar per\u00edmetros portu\u00e1rios com um potencial maior de movimenta\u00e7\u00e3o&#8221;.<\/p>\n<p><img loading=\"lazy\" decoding=\"async\" class=\" size-full wp-image-87074\" src=\"http:\/\/127.0.0.1\/acs\/wp-content\/uploads\/2019\/05\/WEB_2019_MAIO_RODADA-W_RODADA_0077.jpg\" width=\"570\" height=\"430\" srcset=\"https:\/\/acs.org.br\/academy\/wp-content\/uploads\/2019\/05\/WEB_2019_MAIO_RODADA-W_RODADA_0077.jpg 570w, https:\/\/acs.org.br\/academy\/wp-content\/uploads\/2019\/05\/WEB_2019_MAIO_RODADA-W_RODADA_0077-300x226.jpg 300w\" sizes=\"(max-width: 570px) 100vw, 570px\" \/><\/p>\n<p>J\u00e1 com rela\u00e7\u00e3o \u00e0s concess\u00f5es dos servi\u00e7os de manuten\u00e7\u00e3o do canal dragado,&nbsp; a inten\u00e7\u00e3o \u00e9 que o servi\u00e7o deixe de ser administrado pela autoridade portu\u00e1ria e v\u00e1 para a iniciativa privada. &#8220;A inten\u00e7\u00e3o \u00e9 de enxugar, tirar a quantidade de servi\u00e7os que hoje est\u00e1 sob a responsabilidade da Codesp e n\u00e3o precisaria estar&#8221;.<\/p>\n<p>O resultado de seu trabalho de um pouco mais de dois meses, j\u00e1 rendeu frutos. A Codesp conseguiu que o Terminal Pesqueiro de Laguna seja repassado ao Estado ou Uni\u00e3o.&nbsp; O terminal era administrado desde 1975 pela empresa Portos do Brasil S\/A (Portobras) extinta no in\u00edcio da d\u00e9cada de 90. Depois disto, sua administra\u00e7\u00e3o ficou vinculada a Codesp, por meio de um conv\u00eanio &nbsp;celebrado com o Minist\u00e9rio dos Transportes, ao qual a Codesp se subordinava.<\/p>\n<p class=\"xmsonormal\"><b>Custos<\/b><o:p><\/o:p><\/p>\n<p class=\"xmsonormal\">A nova tabela tarif\u00e1ria da Ag\u00eancia Nacional de Transportes Aquavi\u00e1rios (Antaq) tamb\u00e9m est\u00e1 sendo reavaliada. &#8220;Vamos realinhar todos os pre\u00e7os do Porto, com base na nova tabela tarif\u00e1ria da Ag\u00eancia Nacional de Transportes Aquavi\u00e1rios (Antaq), porque h\u00e1 discrep\u00e2ncias tanto para mais quanto para menos. Alguns valores v\u00e3o aumentar; outros devem diminuir&#8221;.<\/p>\n<p><img loading=\"lazy\" decoding=\"async\" class=\" size-full wp-image-87075\" src=\"http:\/\/127.0.0.1\/acs\/wp-content\/uploads\/2019\/05\/WEB_2019_MAIO_RODADA-W_RODADA_0095.jpg\" width=\"570\" height=\"676\" srcset=\"https:\/\/acs.org.br\/academy\/wp-content\/uploads\/2019\/05\/WEB_2019_MAIO_RODADA-W_RODADA_0095.jpg 570w, https:\/\/acs.org.br\/academy\/wp-content\/uploads\/2019\/05\/WEB_2019_MAIO_RODADA-W_RODADA_0095-253x300.jpg 253w\" sizes=\"(max-width: 570px) 100vw, 570px\" \/><\/p>\n<p><b>Universidades-Porto<\/b><\/p>\n<p>As universidades da regi\u00e3o dever\u00e3o ser utilizadas para propor parcerias e iniciar startups. &#8220;Talvez a gente precise formar uma profiss\u00e3o que ainda n\u00e3o existe. Por isso, \u00e9 importante essa parceria&nbsp; e troca entre Porto-Universidades. Precisamos evoluir. Daqui a alguns anos, algumas fun\u00e7\u00f5es deixar\u00e3o de existir com a inclus\u00e3o da tecnologia\u201d.<\/p>\n<p>\u00a0<\/p>\n<p><b>Porto-Cidade<\/b><\/p>\n<p>A rela\u00e7\u00e3o porto-cidade \u00e9 algo que tamb\u00e9m est\u00e1 em pauta na gest\u00e3o. &#8220;O principal ponto \u00e9 como o Porto enxerga a Cidade e vice-versa. \u00c9 preciso que as duas estejam de acordo.&nbsp; Temos a \u00e1rea de armaz\u00e9ns do Valongo que est\u00e1 deteriorada. O Centro Hist\u00f3rico, que est\u00e1 esquecido, e agora o projeto da Ponta da Praia que tamb\u00e9m deve incluir o Porto, at\u00e9 como fonte de turismo. Para isso \u00e9 necess\u00e1rio um planejamento em conjunto com a prefeitura &#8220;.<\/p>\n<p>\u00a0<\/p>\n<p><img loading=\"lazy\" decoding=\"async\" class=\" size-full wp-image-87076\" src=\"http:\/\/127.0.0.1\/acs\/wp-content\/uploads\/2019\/05\/WEB_2019_MAIO_RODADA-W_RODADA_0023.jpg\" width=\"570\" height=\"390\" srcset=\"https:\/\/acs.org.br\/academy\/wp-content\/uploads\/2019\/05\/WEB_2019_MAIO_RODADA-W_RODADA_0023.jpg 570w, https:\/\/acs.org.br\/academy\/wp-content\/uploads\/2019\/05\/WEB_2019_MAIO_RODADA-W_RODADA_0023-300x205.jpg 300w\" sizes=\"(max-width: 570px) 100vw, 570px\" \/><\/p>\n<p><img loading=\"lazy\" decoding=\"async\" class=\" size-full wp-image-87077\" src=\"http:\/\/127.0.0.1\/acs\/wp-content\/uploads\/2019\/05\/WEB_2019_MAIO_RODADA-W_RODADA_0028.jpg\" width=\"570\" height=\"439\" srcset=\"https:\/\/acs.org.br\/academy\/wp-content\/uploads\/2019\/05\/WEB_2019_MAIO_RODADA-W_RODADA_0028.jpg 570w, https:\/\/acs.org.br\/academy\/wp-content\/uploads\/2019\/05\/WEB_2019_MAIO_RODADA-W_RODADA_0028-300x231.jpg 300w\" sizes=\"(max-width: 570px) 100vw, 570px\" \/><\/p>\n<p><img loading=\"lazy\" decoding=\"async\" class=\" size-full wp-image-87078\" src=\"http:\/\/127.0.0.1\/acs\/wp-content\/uploads\/2019\/05\/WEB_2019_MAIO_RODADA-W_RODADA_0040.jpg\" width=\"570\" height=\"426\" srcset=\"https:\/\/acs.org.br\/academy\/wp-content\/uploads\/2019\/05\/WEB_2019_MAIO_RODADA-W_RODADA_0040.jpg 570w, https:\/\/acs.org.br\/academy\/wp-content\/uploads\/2019\/05\/WEB_2019_MAIO_RODADA-W_RODADA_0040-300x224.jpg 300w\" sizes=\"(max-width: 570px) 100vw, 570px\" \/><\/p>\n<p><img loading=\"lazy\" decoding=\"async\" class=\" size-full wp-image-87079\" src=\"http:\/\/127.0.0.1\/acs\/wp-content\/uploads\/2019\/05\/WEB_2019_MAIO_RODADA-W_RODADA_0120.jpg\" width=\"570\" height=\"403\" srcset=\"https:\/\/acs.org.br\/academy\/wp-content\/uploads\/2019\/05\/WEB_2019_MAIO_RODADA-W_RODADA_0120.jpg 570w, https:\/\/acs.org.br\/academy\/wp-content\/uploads\/2019\/05\/WEB_2019_MAIO_RODADA-W_RODADA_0120-300x212.jpg 300w\" sizes=\"(max-width: 570px) 100vw, 570px\" \/><\/p>\n","protected":false},"excerpt":{"rendered":"<p>Fonte: Departamento de Comunica\u00e7\u00e3o A Associa\u00e7\u00e3o Comercial de Santos (ACS), por meio de sua C\u00e2mara Setorial das Institui\u00e7\u00f5es de Ensino,&nbsp; promoveu na manh\u00e3 desta quinta-feira (30) a 3\u00aa Rodada&nbsp; da Cidadania e teve como tema principal o futuro do Porto de Santos. Para falar sobre as diretrizes tomadas pela estatal, o presidente da Codesp Casemiro [&hellip;]<\/p>\n","protected":false},"author":1,"featured_media":87070,"comment_status":"open","ping_status":"open","sticky":false,"template":"","format":"standard","meta":{"footnotes":""},"categories":[84],"tags":[],"_links":{"self":[{"href":"https:\/\/acs.org.br\/academy\/wp-json\/wp\/v2\/posts\/87080"}],"collection":[{"href":"https:\/\/acs.org.br\/academy\/wp-json\/wp\/v2\/posts"}],"about":[{"href":"https:\/\/acs.org.br\/academy\/wp-json\/wp\/v2\/types\/post"}],"author":[{"embeddable":true,"href":"https:\/\/acs.org.br\/academy\/wp-json\/wp\/v2\/users\/1"}],"replies":[{"embeddable":true,"href":"https:\/\/acs.org.br\/academy\/wp-json\/wp\/v2\/comments?post=87080"}],"version-history":[{"count":0,"href":"https:\/\/acs.org.br\/academy\/wp-json\/wp\/v2\/posts\/87080\/revisions"}],"wp:featuredmedia":[{"embeddable":true,"href":"https:\/\/acs.org.br\/academy\/wp-json\/wp\/v2\/media\/87070"}],"wp:attachment":[{"href":"https:\/\/acs.org.br\/academy\/wp-json\/wp\/v2\/media?parent=87080"}],"wp:term":[{"taxonomy":"category","embeddable":true,"href":"https:\/\/acs.org.br\/academy\/wp-json\/wp\/v2\/categories?post=87080"},{"taxonomy":"post_tag","embeddable":true,"href":"https:\/\/acs.org.br\/academy\/wp-json\/wp\/v2\/tags?post=87080"}],"curies":[{"name":"wp","href":"https:\/\/api.w.org\/{rel}","templated":true}]}}