{"id":86823,"date":"2019-05-09T12:09:06","date_gmt":"2019-05-09T15:09:06","guid":{"rendered":"http:\/\/127.0.0.1\/acs\/presidente-da-sociedade-portuguesa-de-beneficencia-ademir-pestana-vai-a-acs-para-conhecer-o-funcionamento-da-camara-brasileira-de-mediacao-e-arbitragem-empresarial\/"},"modified":"2019-05-09T12:09:06","modified_gmt":"2019-05-09T15:09:06","slug":"presidente-da-sociedade-portuguesa-de-beneficencia-ademir-pestana-vai-a-acs-para-conhecer-o-funcionamento-da-camara-brasileira-de-mediacao-e-arbitragem-empresarial","status":"publish","type":"post","link":"https:\/\/acs.org.br\/academy\/presidente-da-sociedade-portuguesa-de-beneficencia-ademir-pestana-vai-a-acs-para-conhecer-o-funcionamento-da-camara-brasileira-de-mediacao-e-arbitragem-empresarial\/","title":{"rendered":"Presidente da Sociedade Portuguesa de Benefic\u00eancia Ademir Pestana vai \u00e0 ACS para conhecer o funcionamento da C\u00e2mara Brasileira de Media\u00e7\u00e3o e Arbitragem Empresarial"},"content":{"rendered":"<p>Fonte: Departamento de Comunica\u00e7\u00e3o da ACS<\/p>\n<p>No final da manh\u00e3 desta quinta-feira (09),&nbsp; o presidente da&nbsp;Sociedade Portuguesa de Benefic\u00eancia Ademir Pestana esteve na Associa\u00e7\u00e3o Comercial de Santos (ACS) para conhecer o funcionamento da C\u00e2mara Brasileira de Media\u00e7\u00e3o e Arbitragem Empresarial.<\/p>\n<p>O empres\u00e1rio foi recebido pelo diretor jur\u00eddico da ACS&nbsp; e coordenador da CBMAE-ACS Maur\u00edcio Cury, e pelos consultores, mediadores e advogados Guilherme Giussani e Marcella Bampi. Al\u00e9m de conhecer as instala\u00e7\u00f5es do local,  Ademir Pestana conheceu as facilidades e vantagens oferecidas pela C\u00e2mara de Arbitragem que agiliza processos ou conflitos que est\u00e3o estagnados por falta de acordos.<\/p>\n<\/p>\n<p>\u201cConhecia a C\u00e2mara de Arbitragem de um outro formato, h\u00e1 alguns anos atr\u00e1s. Mas,  essa forma que est\u00e1 sendo introduzida pela Associa\u00e7\u00e3o Comercial, um produto do mercado de intermedia\u00e7\u00f5es,   acho que vai ter \u00eaxito.  Neste m\u00eas,  j\u00e1 tivemos uma solu\u00e7\u00e3o por este servi\u00e7o  que h\u00e1 anos n\u00e3o t\u00ednhamos conseguido acordo\u201d.<\/p>\n<p>O trabalho da C\u00e2mara de Arbitragem ,que substitui o Tribunal  e desafoga o Poder Judici\u00e1rio, deve ser cada vez mais utilizado pelas empresas no entender do empres\u00e1rio. \u201cTodo esse formato que est\u00e1 sendo aplicado aqui,  traz tamb\u00e9m o aspecto psicol\u00f3gico. Vemos o cliente, o credor ou devedor de uma outra maneira. Fiz uma alus\u00e3o ao caso da Benefic\u00eancia na sua parte de humaniza\u00e7\u00e3o. A gente n\u00e3o v\u00ea mais o doente. A gente v\u00ea a pessoa que trata a doen\u00e7a.  E \u00e9 mais ou menos o que a C\u00e2mara faz.  Valoriza quem tem a receber, quem tem a pagar e chega a um consenso\u201d.<\/p>\n<p><img loading=\"lazy\" decoding=\"async\" class=\" size-full wp-image-86821\" src=\"http:\/\/127.0.0.1\/acs\/wp-content\/uploads\/2019\/05\/WEB_2019_MAIO_ADEMIRPESTANA-W_ADEMIRPESTANA_0743.jpg\" width=\"570\" height=\"428\" srcset=\"https:\/\/acs.org.br\/academy\/wp-content\/uploads\/2019\/05\/WEB_2019_MAIO_ADEMIRPESTANA-W_ADEMIRPESTANA_0743.jpg 570w, https:\/\/acs.org.br\/academy\/wp-content\/uploads\/2019\/05\/WEB_2019_MAIO_ADEMIRPESTANA-W_ADEMIRPESTANA_0743-300x225.jpg 300w\" sizes=\"(max-width: 570px) 100vw, 570px\" \/><\/p>\n<p><strong> Servi\u00e7o<\/strong><\/p>\n<p>Caso sua empresa possua algum tipo de conflito, a CBMAE &#8211; C\u00e2mara Brasileira de Media\u00e7\u00e3o e Arbitragem Empresarial &#8211; ACS, oferece apoio especializado na busca de acordos entre as partes envolvidas &#8211; sejam elas fornecedores, clientes, entre outros envolvidos em rela\u00e7\u00f5es comerciais.&nbsp;<\/p>\n<p><b>Descontos:<\/b> Associados da ACS t\u00eam 30% de desconto nas taxas utilizadas na C\u00e2mara. J\u00e1 para associados da OAB, o desconto \u00e9 de 20%.&nbsp;<\/p>\n<p> Outras informa\u00e7\u00f5es podem ser obtidas pelo e-mail&nbsp;<a href=\"mailto:cbmae@acs.org.br\">cbmae@acs.org.br<\/a> ou<strong> <\/strong>(13) 3212-8200.<\/p>\n<p><img loading=\"lazy\" decoding=\"async\" class=\" size-full wp-image-86822\" src=\"http:\/\/127.0.0.1\/acs\/wp-content\/uploads\/2019\/05\/WEB_2019_MAIO_ADEMIRPESTANA-W_ADEMIRPESTANA_0750.jpg\" width=\"570\" height=\"428\" srcset=\"https:\/\/acs.org.br\/academy\/wp-content\/uploads\/2019\/05\/WEB_2019_MAIO_ADEMIRPESTANA-W_ADEMIRPESTANA_0750.jpg 570w, https:\/\/acs.org.br\/academy\/wp-content\/uploads\/2019\/05\/WEB_2019_MAIO_ADEMIRPESTANA-W_ADEMIRPESTANA_0750-300x225.jpg 300w\" sizes=\"(max-width: 570px) 100vw, 570px\" \/><\/p>\n","protected":false},"excerpt":{"rendered":"<p>Fonte: Departamento de Comunica\u00e7\u00e3o da ACS No final da manh\u00e3 desta quinta-feira (09),&nbsp; o presidente da&nbsp;Sociedade Portuguesa de Benefic\u00eancia Ademir Pestana esteve na Associa\u00e7\u00e3o Comercial de Santos (ACS) para conhecer o funcionamento da C\u00e2mara Brasileira de Media\u00e7\u00e3o e Arbitragem Empresarial. O empres\u00e1rio foi recebido pelo diretor jur\u00eddico da ACS&nbsp; e coordenador da CBMAE-ACS Maur\u00edcio Cury, [&hellip;]<\/p>\n","protected":false},"author":1,"featured_media":86820,"comment_status":"open","ping_status":"open","sticky":false,"template":"","format":"standard","meta":{"footnotes":""},"categories":[84],"tags":[],"_links":{"self":[{"href":"https:\/\/acs.org.br\/academy\/wp-json\/wp\/v2\/posts\/86823"}],"collection":[{"href":"https:\/\/acs.org.br\/academy\/wp-json\/wp\/v2\/posts"}],"about":[{"href":"https:\/\/acs.org.br\/academy\/wp-json\/wp\/v2\/types\/post"}],"author":[{"embeddable":true,"href":"https:\/\/acs.org.br\/academy\/wp-json\/wp\/v2\/users\/1"}],"replies":[{"embeddable":true,"href":"https:\/\/acs.org.br\/academy\/wp-json\/wp\/v2\/comments?post=86823"}],"version-history":[{"count":0,"href":"https:\/\/acs.org.br\/academy\/wp-json\/wp\/v2\/posts\/86823\/revisions"}],"wp:featuredmedia":[{"embeddable":true,"href":"https:\/\/acs.org.br\/academy\/wp-json\/wp\/v2\/media\/86820"}],"wp:attachment":[{"href":"https:\/\/acs.org.br\/academy\/wp-json\/wp\/v2\/media?parent=86823"}],"wp:term":[{"taxonomy":"category","embeddable":true,"href":"https:\/\/acs.org.br\/academy\/wp-json\/wp\/v2\/categories?post=86823"},{"taxonomy":"post_tag","embeddable":true,"href":"https:\/\/acs.org.br\/academy\/wp-json\/wp\/v2\/tags?post=86823"}],"curies":[{"name":"wp","href":"https:\/\/api.w.org\/{rel}","templated":true}]}}