{"id":86481,"date":"2019-04-26T19:21:32","date_gmt":"2019-04-26T22:21:32","guid":{"rendered":"http:\/\/127.0.0.1\/acs\/manifesto-publico-a-favor-da-reforma-da-previdencia-e-assinado-por-dez-entidades-na-associacao-comercial-de-santos\/"},"modified":"2019-04-26T19:21:32","modified_gmt":"2019-04-26T22:21:32","slug":"manifesto-publico-a-favor-da-reforma-da-previdencia-e-assinado-por-dez-entidades-na-associacao-comercial-de-santos","status":"publish","type":"post","link":"https:\/\/acs.org.br\/academy\/manifesto-publico-a-favor-da-reforma-da-previdencia-e-assinado-por-dez-entidades-na-associacao-comercial-de-santos\/","title":{"rendered":"Manifesto P\u00fablico a favor da Reforma da Previd\u00eancia \u00e9 assinado por dez entidades na Associa\u00e7\u00e3o Comercial de Santos"},"content":{"rendered":"<p>Fonte: Departamento de Comunica\u00e7\u00e3o da ACS<\/p>\n<p>Um importante passo para um marco hist\u00f3rico do futuro do Pa\u00eds ocorreu na tarde desta sexta-feira (26),&nbsp; no audit\u00f3rio da Associa\u00e7\u00e3o Comercial de Santos (ACS). Em apoio \u00e0s reformas consideradas priorit\u00e1rias para o Pa\u00eds, em especial a da Previd\u00eancia Social, representantes de dez entidades assinaram um manifesto p\u00fablico.<\/p>\n<p>De acordo com o&nbsp;<em>presidente da Associa\u00e7\u00e3o Comercial de Santos<\/em> (ACS),&nbsp;<em>Roberto Clemente Santini,&nbsp; esse<\/em> manifesto de apoio a todas reformas necess\u00e1rias para o Pa\u00eds \u00e9 de extrema import\u00e2ncia. \u201cOs empres\u00e1rios de Santos, a Associa\u00e7\u00e3o Comercial e todas essas entidades est\u00e3o se manifestando em total apoio a esse novo momento o qual o Brasil vive\u201d.<\/p>\n<p>Participaram da solenidade, a Associa\u00e7\u00e3o Comercial de Santos (ACS), a Associa\u00e7\u00e3o dos Empres\u00e1rios da Constru\u00e7\u00e3o Civil da Baixada Santista (ASSECOB), o Sindicato da Ind\u00fastria da Constru\u00e7\u00e3o Civil do Estado de S\u00e3o Paulo (SINDUSCON), o Sindicato da Habita\u00e7\u00e3o (SECOVI), a Associa\u00e7\u00e3o de Engenheiros e Arquitetos de Santos (AEAS), a Associa\u00e7\u00e3o Brasileira de Terminais Retroportu\u00e1rios e das Empresas Transportadoras de Cont\u00eaineres (ABTTC), a Associa\u00e7\u00e3o Brasileira de Terminais e Recintos Alfandegados (ABTRA), o Sindicato das Empresas de Transporte Comercial de Carga do Litoral Paulista (SINDISAN), a Associa\u00e7\u00e3o das Empresas do Distrito Industrial e Portu\u00e1rio da Alemoa (AMA) e o Sindicato das Ag\u00eancias de Navega\u00e7\u00e3o Mar\u00edtima do Estado de S\u00e3o Paulo (Sindamar).<\/p>\n<p>O manifesto foi entregue&nbsp; ao deputado federal J\u00fanior Bozzella (PSL), que assumiu o compromisso de entregar ao presidente da Rep\u00fablica, Jair Bolsonaro, ao presidente da C\u00e2mara Federal, Rodrigo Maia, ao presidente do Senado, Davi Alcolumbre e ao &nbsp;ministro da Economia, Paulo Guedes.&nbsp; \u201c\u00c9 fundamental a jun\u00e7\u00e3o de esfor\u00e7os da sociedade, principalmente da classe empresarial que \u00e9 geradora de emprego e de oportunidade. O momento em que o Brasil vive \u00e9 necess\u00e1rio que a gente lute pela reforma e pela nova Previd\u00eancia\u201d.<\/p>\n<p><img loading=\"lazy\" decoding=\"async\" class=\" size-full wp-image-86473\" src=\"http:\/\/127.0.0.1\/acs\/wp-content\/uploads\/2019\/04\/WEB_2019_ABRIL_MANIFESTO_bozella4.jpg\" width=\"570\" height=\"404\" srcset=\"https:\/\/acs.org.br\/academy\/wp-content\/uploads\/2019\/04\/WEB_2019_ABRIL_MANIFESTO_bozella4.jpg 570w, https:\/\/acs.org.br\/academy\/wp-content\/uploads\/2019\/04\/WEB_2019_ABRIL_MANIFESTO_bozella4-300x213.jpg 300w\" sizes=\"(max-width: 570px) 100vw, 570px\" \/><\/p>\n<p> \u201cPara mim \u00e9 um motivo de grande responsabilidade, at\u00e9 porque fa\u00e7o parte da Comiss\u00e3o Especial que vai cuidar da nova Previd\u00eancia. Ent\u00e3o, vou ser o portador. Vou levar esse documento ao ministro Paulo Guedes. Ontem, estive com ele e j\u00e1 comentei sobre a articula\u00e7\u00e3o deste documento. Ele, de pronto,&nbsp; j\u00e1&nbsp;&nbsp; elogiou essa manifesta\u00e7\u00e3o da Associa\u00e7\u00e3o Comercial e dos empres\u00e1rios da Baixada Santista e disse que esse ato deve ser reproduzido&nbsp; em outras regi\u00f5es do Estado de S\u00e3o Paulo e do Pa\u00eds\u201d.<\/p>\n<p><img loading=\"lazy\" decoding=\"async\" class=\" size-full wp-image-86474\" src=\"http:\/\/127.0.0.1\/acs\/wp-content\/uploads\/2019\/04\/WEB_2019_ABRIL_MANIFESTO_sealy1.jpg\" width=\"570\" height=\"357\" srcset=\"https:\/\/acs.org.br\/academy\/wp-content\/uploads\/2019\/04\/WEB_2019_ABRIL_MANIFESTO_sealy1.jpg 570w, https:\/\/acs.org.br\/academy\/wp-content\/uploads\/2019\/04\/WEB_2019_ABRIL_MANIFESTO_sealy1-300x188.jpg 300w\" sizes=\"(max-width: 570px) 100vw, 570px\" \/><\/p>\n<p><i>&#8220;A nossa regi\u00e3o \u00e9 muito importante n\u00e3o s\u00f3 pelas atividades portu\u00e1rias, mas tamb\u00e9m na quest\u00e3o retroportu\u00e1ria e na&nbsp; parte tur\u00edstica. Sem falar de toda a nossa contribui\u00e7\u00e3o tamb\u00e9m&nbsp; como m\u00e3o de obra nas ind\u00fastrias de Cubat\u00e3o. \u00c9 fundamental um equil\u00edbrio para que a aposentadoria no futuro tenha uma sobrevida. Porque se n\u00e3o fizermos esse grande esfor\u00e7o e se n\u00e3o houver uma contribui\u00e7\u00e3o de toda sociedade e de todas a classes tamb\u00e9m, n\u00f3s n\u00e3o teremos sustentabilidade dessa nossa Previd\u00eancia no futuro. \u00c9 importante acertar essas contas para que, no futuro, meus filhos e meus netos, e o de voc\u00eas tamb\u00e9m realmente tenham complementa\u00e7\u00e3o. N\u00e3o \u00e9 justo que certos segmentos tenham as condi\u00e7\u00e3o privilegiada em detrimento da grande maioria\u201d.<\/i><\/p>\n<p><b>Miguel Jaime Sealy<br \/><\/b><b>Vice-presidente da Associa\u00e7\u00e3o das Empresas do Distrito Industrial e Portu\u00e1rio da Alemoa \u2013 AMA<\/b><\/p>\n<p><i>&nbsp;<img loading=\"lazy\" decoding=\"async\" class=\" size-full wp-image-86475\" src=\"http:\/\/127.0.0.1\/acs\/wp-content\/uploads\/2019\/04\/WEB_2019_ABRIL_MANIFESTO_jorgemariano2.jpg\" width=\"570\" height=\"378\" srcset=\"https:\/\/acs.org.br\/academy\/wp-content\/uploads\/2019\/04\/WEB_2019_ABRIL_MANIFESTO_jorgemariano2.jpg 570w, https:\/\/acs.org.br\/academy\/wp-content\/uploads\/2019\/04\/WEB_2019_ABRIL_MANIFESTO_jorgemariano2-300x199.jpg 300w\" sizes=\"(max-width: 570px) 100vw, 570px\" \/><br \/><\/i><\/p>\n<p><i> <\/i><\/p>\n<p><i>\u201cTodos os que est\u00e3o comprometidos com o nosso Pa\u00eds devem deixar de lado as quest\u00f5es partid\u00e1rias porque o Brasil \u00e9 mais importante do que qualquer partido pol\u00edtico. E n\u00f3s como, cidad\u00e3os, como empres\u00e1rios e como representantes de entidades n\u00e3o poder\u00edamos nos omitir nesse momento que \u00e9 muito importante para o futuro no nosso pa\u00eds\u201d.<br \/><\/i><b>Jorge Mariano<br \/><\/b><b>Presidente do Sindicato das Ag\u00eancias de Navega\u00e7\u00e3o Mar\u00edtima do Estado de S\u00e3o Paulo &#8211; SINDAMAR<\/b><\/p>\n<p><img loading=\"lazy\" decoding=\"async\" class=\" size-full wp-image-86476\" src=\"http:\/\/127.0.0.1\/acs\/wp-content\/uploads\/2019\/04\/WEB_2019_ABRIL_MANIFESTO_andreneiva1.jpg\" width=\"570\" height=\"372\" srcset=\"https:\/\/acs.org.br\/academy\/wp-content\/uploads\/2019\/04\/WEB_2019_ABRIL_MANIFESTO_andreneiva1.jpg 570w, https:\/\/acs.org.br\/academy\/wp-content\/uploads\/2019\/04\/WEB_2019_ABRIL_MANIFESTO_andreneiva1-300x196.jpg 300w\" sizes=\"(max-width: 570px) 100vw, 570px\" \/><\/p>\n<p> <i>O Pa\u00eds n\u00e3o pode esperar mais. Demorou muito e a gente precisa resolver isso o quanto antes. Eu entendo que todo e qualquer discurso contr\u00e1rio a esse projeto \u00e9 crime. O Pa\u00eds est\u00e1 passando por um momento muito delicado e precisa superar isso o quanto antes.<br \/><\/i><b>Andr\u00e9 Luis Neiva<br \/><\/b><b>Presidente do Sindicato das Empresas de Transporte Comercial de Carga do Litoral Paulista \u2013 SINDISAN<\/b><\/p>\n<p><img loading=\"lazy\" decoding=\"async\" class=\" size-full wp-image-86477\" src=\"http:\/\/127.0.0.1\/acs\/wp-content\/uploads\/2019\/04\/WEB_2019_ABRIL_MANIFESTO_bayard1.jpg\" width=\"570\" height=\"370\" srcset=\"https:\/\/acs.org.br\/academy\/wp-content\/uploads\/2019\/04\/WEB_2019_ABRIL_MANIFESTO_bayard1.jpg 570w, https:\/\/acs.org.br\/academy\/wp-content\/uploads\/2019\/04\/WEB_2019_ABRIL_MANIFESTO_bayard1-300x195.jpg 300w\" sizes=\"(max-width: 570px) 100vw, 570px\" \/><\/p>\n<p> \u201cEu acho que esse manifesto pode de certa forma mobilizar o Brasil inteiro. Em Santos, as coisas sempre come\u00e7am aqui. E isso \u00e9 de suma import\u00e2ncia, N\u00f3s estamos em uma expectativa muita grande. N\u00f3s, os empres\u00e1rios, em geral, estamos preocupados com o problema da Previd\u00eancia. E isso, obviamente, n\u00e3o vai resolver de imediato. Isso vai dar, de certa forma, a confian\u00e7a que o Governo precisa ter para que n\u00f3s empres\u00e1rios possamos investir e pensar nessa vida nova. Parab\u00e9ns a iniciativa da ACS e todas as associa\u00e7\u00f5es que vieram prestar solidariedade a este importante momento da pol\u00edtica brasileira\u201d.<br \/><b>Bayard Freitas Umbuzeiro Filho<br \/><\/b><b>Presidente do Conselho de Administra\u00e7\u00e3o da Associa\u00e7\u00e3o Brasileira de Terminais e Recintos Alfandegados \u2013 ABTRA<\/b><\/p>\n<p><i><br \/><img loading=\"lazy\" decoding=\"async\" class=\" size-full wp-image-86478\" src=\"http:\/\/127.0.0.1\/acs\/wp-content\/uploads\/2019\/04\/WEB_2019_ABRIL_MANIFESTO_ataliba1.jpg\" width=\"570\" height=\"387\" srcset=\"https:\/\/acs.org.br\/academy\/wp-content\/uploads\/2019\/04\/WEB_2019_ABRIL_MANIFESTO_ataliba1.jpg 570w, https:\/\/acs.org.br\/academy\/wp-content\/uploads\/2019\/04\/WEB_2019_ABRIL_MANIFESTO_ataliba1-300x204.jpg 300w\" sizes=\"(max-width: 570px) 100vw, 570px\" \/><br \/> \u201cEssa iniciativa coordenada pela Associa\u00e7\u00e3o Comercial de Santos \u00e9 importante para a economia do Pa\u00eds. Todos n\u00f3s, antes de mais nada, estamos preocupado<\/i><i>s com a situa\u00e7\u00e3o nacional e com essas mudan\u00e7as todas. \u00c9 preciso colocar o bonde nos trilhos. Para que isso ocorra \u00e9 fundamental que diversas reformas aconte\u00e7am, sendo que a da Previd\u00eancia \u00e9 aquela que aparentemente deve ser a primeira, sem <\/i><i>ser deformada pelo Congresso Nacional. Isso que \u00e9 o mais complexo e o mais dif\u00edcil. Esperamos que o Congresso&nbsp; coloque a m\u00e3o na consci\u00eancia e&nbsp; pense nos interesses individuais e regionais, de cada bancada. &nbsp;Esse manifesto aqui na Baixada Santista certamente levar\u00e1 um apoio de peso<\/i><i>. Certamente, a Baixada Santista tem uma popula\u00e7\u00e3o muito importante dentro do quadro do Estado de SP e um rend<\/i><i>a per capita&nbsp; tamb\u00e9m\u201d.<\/i><br \/> <b>Jo\u00e3o Ataliba de Arruda Botelho Neto<br \/><\/b><b>Presidente da Associa\u00e7\u00e3o Brasileira de Terminais Retroportu\u00e1rios e das Empresas Transportadoras de Cont\u00eaineres \u2013 ABTTC<\/b><\/p>\n<p><i><br \/><img loading=\"lazy\" decoding=\"async\" class=\" size-full wp-image-86479\" src=\"http:\/\/127.0.0.1\/acs\/wp-content\/uploads\/2019\/04\/WEB_2019_ABRIL_MANIFESTO_ruievangelista1.jpg\" width=\"570\" height=\"386\" srcset=\"https:\/\/acs.org.br\/academy\/wp-content\/uploads\/2019\/04\/WEB_2019_ABRIL_MANIFESTO_ruievangelista1.jpg 570w, https:\/\/acs.org.br\/academy\/wp-content\/uploads\/2019\/04\/WEB_2019_ABRIL_MANIFESTO_ruievangelista1-300x203.jpg 300w\" sizes=\"(max-width: 570px) 100vw, 570px\" \/><br \/>\u201cEsse manifesto \u00e9 importante para todo o Brasil. Precisamos ter essa reforma com \u00e9tica e com bastante consci\u00eancia do<\/i><i> que &nbsp;ser\u00e1 fe<\/i><i>ito. Esperamos que n\u00e3o prejudiquem ningu\u00e9m. L\u00f3gico que um ou outro ser\u00e1 prejudicado, mas precisamos fazer essa mudan\u00e7a para o andamento do Brasil. N\u00e3o podemos ficar paralisado<\/i><i>s amortecido<\/i><i>s, sem fazer nada\u201d.<\/i> <br \/> <b>Rui Evangelista dos Santos<br \/><\/b><b>Presidente da Associa\u00e7\u00e3o de Engenheiros e Arquitetos de Santos \u2013 AEAS<\/b><\/p>\n<p><img loading=\"lazy\" decoding=\"async\" class=\" size-full wp-image-86480\" src=\"http:\/\/127.0.0.1\/acs\/wp-content\/uploads\/2019\/04\/WEB_2019_ABRIL_MANIFESTO_ricardobesquizza1.jpg\" width=\"570\" height=\"386\" srcset=\"https:\/\/acs.org.br\/academy\/wp-content\/uploads\/2019\/04\/WEB_2019_ABRIL_MANIFESTO_ricardobesquizza1.jpg 570w, https:\/\/acs.org.br\/academy\/wp-content\/uploads\/2019\/04\/WEB_2019_ABRIL_MANIFESTO_ricardobesquizza1-300x203.jpg 300w\" sizes=\"(max-width: 570px) 100vw, 570px\" \/><br \/>&nbsp;<i>\u201cEu acho que a gente tem que estar unido sempre. Com esse manifesto, precisamos procurar sensibilizar ao m\u00e1ximo os nossos representantes que est\u00e3o na C\u00e2mara e no Senado em Bras\u00edlia, para se possa andar de maneira prof\u00edcua e n\u00e3o acontecer o que estamos vendo, essa morosidade, essa maneira muito mal vista de como conduzir esse processo em Bras\u00edlia.<br \/><\/i><b>Ricardo Beschizza<br \/><\/b><b>Presidente da Associa\u00e7\u00e3o dos Empres\u00e1rios da Constru\u00e7\u00e3o Civil da Baixada Santista \u2013 ASSECOB<br \/><\/b><b>Representou tamb\u00e9m o Sindicato da Ind\u00fastria da Constru\u00e7\u00e3o Civil do Estado de S\u00e3o Paulo \u2013 SINDUSCON e&nbsp; p Sindicato da Habita\u00e7\u00e3o &#8211; SECOVI<\/b><\/p>\n","protected":false},"excerpt":{"rendered":"<p>Fonte: Departamento de Comunica\u00e7\u00e3o da ACS Um importante passo para um marco hist\u00f3rico do futuro do Pa\u00eds ocorreu na tarde desta sexta-feira (26),&nbsp; no audit\u00f3rio da Associa\u00e7\u00e3o Comercial de Santos (ACS). Em apoio \u00e0s reformas consideradas priorit\u00e1rias para o Pa\u00eds, em especial a da Previd\u00eancia Social, representantes de dez entidades assinaram um manifesto p\u00fablico. De [&hellip;]<\/p>\n","protected":false},"author":1,"featured_media":86472,"comment_status":"open","ping_status":"open","sticky":false,"template":"","format":"standard","meta":{"footnotes":""},"categories":[84],"tags":[],"_links":{"self":[{"href":"https:\/\/acs.org.br\/academy\/wp-json\/wp\/v2\/posts\/86481"}],"collection":[{"href":"https:\/\/acs.org.br\/academy\/wp-json\/wp\/v2\/posts"}],"about":[{"href":"https:\/\/acs.org.br\/academy\/wp-json\/wp\/v2\/types\/post"}],"author":[{"embeddable":true,"href":"https:\/\/acs.org.br\/academy\/wp-json\/wp\/v2\/users\/1"}],"replies":[{"embeddable":true,"href":"https:\/\/acs.org.br\/academy\/wp-json\/wp\/v2\/comments?post=86481"}],"version-history":[{"count":0,"href":"https:\/\/acs.org.br\/academy\/wp-json\/wp\/v2\/posts\/86481\/revisions"}],"wp:featuredmedia":[{"embeddable":true,"href":"https:\/\/acs.org.br\/academy\/wp-json\/wp\/v2\/media\/86472"}],"wp:attachment":[{"href":"https:\/\/acs.org.br\/academy\/wp-json\/wp\/v2\/media?parent=86481"}],"wp:term":[{"taxonomy":"category","embeddable":true,"href":"https:\/\/acs.org.br\/academy\/wp-json\/wp\/v2\/categories?post=86481"},{"taxonomy":"post_tag","embeddable":true,"href":"https:\/\/acs.org.br\/academy\/wp-json\/wp\/v2\/tags?post=86481"}],"curies":[{"name":"wp","href":"https:\/\/api.w.org\/{rel}","templated":true}]}}