{"id":86459,"date":"2019-04-25T17:51:33","date_gmt":"2019-04-25T20:51:33","guid":{"rendered":"http:\/\/127.0.0.1\/acs\/comtur\/"},"modified":"2019-04-25T17:51:33","modified_gmt":"2019-04-25T20:51:33","slug":"comtur","status":"publish","type":"post","link":"https:\/\/acs.org.br\/academy\/comtur\/","title":{"rendered":"Conselho Municipal do Turismo faz reuni\u00e3o na Associa\u00e7\u00e3o Comercial de Santos e define planejamentos para o setor"},"content":{"rendered":"<p>Fonte: Departamento de Comunica\u00e7\u00e3o da ACS<\/p>\n<p> O Conselho Municipal de Turismo (Comtur) se reuniu na tarde desta quinta-feira (25) na Associa\u00e7\u00e3o Comercial de Santos (ACS)&nbsp; com representantes ligados \u00e0 \u00e1rea de turismo e definiu&nbsp; metas a serem tra\u00e7adas nos pr\u00f3ximos dois anos na regi\u00e3o.<\/p>\n<p>De acordo com o presidente do Comtur Jos\u00e9 Luiz Blanco Lourenzo, o primeiro passo ser\u00e1 a palestra com o secret\u00e1rio de governo Rog\u00e9rio Santos no pr\u00f3ximo dia 29,&nbsp; em local&nbsp; a ser definido, para falar sobres os projetos da Ponta da Praia e Entrada de Santos. \u201cEsse dois assuntos est\u00e3o pertinentes no momento e queremos entender melhor como eles funcionar\u00e3o\u201d.<\/p>\n<p><a href=\"http:\/\/127.0.0.1\/acs\/wp-content\/uploads\/2019\/04\/WEB_2019_ABRIL_COMTUR-W_COMTUR_0006.jpg\"><\/a><\/p>\n<p> Al\u00e9m disso, os representantes de hot\u00e9is, de restaurantes, da Etec do curso de turismo, de empresas de turismo receptivo e da secretaria de turismo planejam metas para atrair turistas ao Centro Hist\u00f3rico de Santos e &nbsp;unem ideias para apresentarem ao prefeito de Santos, Paulo Alexandre Barbosa, e ao secret\u00e1rio de Turismo, Odair Gonzalez. \u201cAl\u00e9m de fazer um planejamento para o turismo, essa uni\u00e3o do trade \u00e9 de extrema import\u00e2ncia para conseguirmos um melhor resultado\u201d. <\/p>\n<p><img loading=\"lazy\" decoding=\"async\" class=\" size-full wp-image-86453\" src=\"http:\/\/127.0.0.1\/acs\/wp-content\/uploads\/2019\/04\/WEB_2019_ABRIL_COMTUR-W_COMTUR_0002.jpg\" width=\"570\" height=\"410\" srcset=\"https:\/\/acs.org.br\/academy\/wp-content\/uploads\/2019\/04\/WEB_2019_ABRIL_COMTUR-W_COMTUR_0002.jpg 570w, https:\/\/acs.org.br\/academy\/wp-content\/uploads\/2019\/04\/WEB_2019_ABRIL_COMTUR-W_COMTUR_0002-300x216.jpg 300w\" sizes=\"(max-width: 570px) 100vw, 570px\" \/><\/p>\n<p><a href=\"http:\/\/127.0.0.1\/acs\/wp-content\/uploads\/2019\/04\/WEB_2019_ABRIL_COMTUR-W_COMTUR_0008.jpg\"><img loading=\"lazy\" decoding=\"async\" class=\" size-full wp-image-86454\" src=\"http:\/\/127.0.0.1\/acs\/wp-content\/uploads\/2019\/04\/WEB_2019_ABRIL_COMTUR-W_COMTUR_0008.jpg\" width=\"570\" height=\"395\" srcset=\"https:\/\/acs.org.br\/academy\/wp-content\/uploads\/2019\/04\/WEB_2019_ABRIL_COMTUR-W_COMTUR_0008.jpg 570w, https:\/\/acs.org.br\/academy\/wp-content\/uploads\/2019\/04\/WEB_2019_ABRIL_COMTUR-W_COMTUR_0008-300x208.jpg 300w\" sizes=\"(max-width: 570px) 100vw, 570px\" \/><\/a><\/p>\n<p><a href=\"http:\/\/127.0.0.1\/acs\/wp-content\/uploads\/2019\/04\/WEB_2019_ABRIL_COMTUR-W_COMTUR_0029.jpg\"><img loading=\"lazy\" decoding=\"async\" class=\" size-full wp-image-86455\" src=\"http:\/\/127.0.0.1\/acs\/wp-content\/uploads\/2019\/04\/WEB_2019_ABRIL_COMTUR-W_COMTUR_0029.jpg\" width=\"570\" height=\"415\" srcset=\"https:\/\/acs.org.br\/academy\/wp-content\/uploads\/2019\/04\/WEB_2019_ABRIL_COMTUR-W_COMTUR_0029.jpg 570w, https:\/\/acs.org.br\/academy\/wp-content\/uploads\/2019\/04\/WEB_2019_ABRIL_COMTUR-W_COMTUR_0029-300x218.jpg 300w\" sizes=\"(max-width: 570px) 100vw, 570px\" \/><\/a><\/p>\n<p><a href=\"http:\/\/127.0.0.1\/acs\/wp-content\/uploads\/2019\/04\/WEB_2019_ABRIL_COMTUR-W_COMTUR_0031.jpg\"><img loading=\"lazy\" decoding=\"async\" class=\" size-full wp-image-86456\" src=\"http:\/\/127.0.0.1\/acs\/wp-content\/uploads\/2019\/04\/WEB_2019_ABRIL_COMTUR-W_COMTUR_0031.jpg\" width=\"570\" height=\"383\" srcset=\"https:\/\/acs.org.br\/academy\/wp-content\/uploads\/2019\/04\/WEB_2019_ABRIL_COMTUR-W_COMTUR_0031.jpg 570w, https:\/\/acs.org.br\/academy\/wp-content\/uploads\/2019\/04\/WEB_2019_ABRIL_COMTUR-W_COMTUR_0031-300x202.jpg 300w\" sizes=\"(max-width: 570px) 100vw, 570px\" \/><\/a><\/p>\n<p><a href=\"http:\/\/127.0.0.1\/acs\/wp-content\/uploads\/2019\/04\/WEB_2019_ABRIL_COMTUR-W_COMTUR_0034.jpg\"><img loading=\"lazy\" decoding=\"async\" class=\" size-full wp-image-86457\" src=\"http:\/\/127.0.0.1\/acs\/wp-content\/uploads\/2019\/04\/WEB_2019_ABRIL_COMTUR-W_COMTUR_0034.jpg\" width=\"570\" height=\"467\" srcset=\"https:\/\/acs.org.br\/academy\/wp-content\/uploads\/2019\/04\/WEB_2019_ABRIL_COMTUR-W_COMTUR_0034.jpg 570w, https:\/\/acs.org.br\/academy\/wp-content\/uploads\/2019\/04\/WEB_2019_ABRIL_COMTUR-W_COMTUR_0034-300x246.jpg 300w\" sizes=\"(max-width: 570px) 100vw, 570px\" \/><\/a><\/p>\n<p><a href=\"http:\/\/127.0.0.1\/acs\/wp-content\/uploads\/2019\/04\/WEB_2019_ABRIL_COMTUR-W_COMTUR_0038.jpg\"><img loading=\"lazy\" decoding=\"async\" class=\" size-full wp-image-86458\" src=\"http:\/\/127.0.0.1\/acs\/wp-content\/uploads\/2019\/04\/WEB_2019_ABRIL_COMTUR-W_COMTUR_0038.jpg\" width=\"570\" height=\"409\" srcset=\"https:\/\/acs.org.br\/academy\/wp-content\/uploads\/2019\/04\/WEB_2019_ABRIL_COMTUR-W_COMTUR_0038.jpg 570w, https:\/\/acs.org.br\/academy\/wp-content\/uploads\/2019\/04\/WEB_2019_ABRIL_COMTUR-W_COMTUR_0038-300x215.jpg 300w\" sizes=\"(max-width: 570px) 100vw, 570px\" \/><\/a><\/p>\n","protected":false},"excerpt":{"rendered":"<p>Fonte: Departamento de Comunica\u00e7\u00e3o da ACS O Conselho Municipal de Turismo (Comtur) se reuniu na tarde desta quinta-feira (25) na Associa\u00e7\u00e3o Comercial de Santos (ACS)&nbsp; com representantes ligados \u00e0 \u00e1rea de turismo e definiu&nbsp; metas a serem tra\u00e7adas nos pr\u00f3ximos dois anos na regi\u00e3o. De acordo com o presidente do Comtur Jos\u00e9 Luiz Blanco Lourenzo, [&hellip;]<\/p>\n","protected":false},"author":1,"featured_media":86452,"comment_status":"open","ping_status":"open","sticky":false,"template":"","format":"standard","meta":{"footnotes":""},"categories":[84],"tags":[],"_links":{"self":[{"href":"https:\/\/acs.org.br\/academy\/wp-json\/wp\/v2\/posts\/86459"}],"collection":[{"href":"https:\/\/acs.org.br\/academy\/wp-json\/wp\/v2\/posts"}],"about":[{"href":"https:\/\/acs.org.br\/academy\/wp-json\/wp\/v2\/types\/post"}],"author":[{"embeddable":true,"href":"https:\/\/acs.org.br\/academy\/wp-json\/wp\/v2\/users\/1"}],"replies":[{"embeddable":true,"href":"https:\/\/acs.org.br\/academy\/wp-json\/wp\/v2\/comments?post=86459"}],"version-history":[{"count":0,"href":"https:\/\/acs.org.br\/academy\/wp-json\/wp\/v2\/posts\/86459\/revisions"}],"wp:featuredmedia":[{"embeddable":true,"href":"https:\/\/acs.org.br\/academy\/wp-json\/wp\/v2\/media\/86452"}],"wp:attachment":[{"href":"https:\/\/acs.org.br\/academy\/wp-json\/wp\/v2\/media?parent=86459"}],"wp:term":[{"taxonomy":"category","embeddable":true,"href":"https:\/\/acs.org.br\/academy\/wp-json\/wp\/v2\/categories?post=86459"},{"taxonomy":"post_tag","embeddable":true,"href":"https:\/\/acs.org.br\/academy\/wp-json\/wp\/v2\/tags?post=86459"}],"curies":[{"name":"wp","href":"https:\/\/api.w.org\/{rel}","templated":true}]}}