{"id":86290,"date":"2019-04-09T15:03:41","date_gmt":"2019-04-09T18:03:41","guid":{"rendered":"http:\/\/127.0.0.1\/acs\/camara-de-petroleo-e-gas-da-acs-e-sebrae-definem-data-para-inauguracao-de-cadastro-regional-de-empresas-fornecedoras-do-segmento\/"},"modified":"2019-04-09T15:03:41","modified_gmt":"2019-04-09T18:03:41","slug":"camara-de-petroleo-e-gas-da-acs-e-sebrae-definem-data-para-inauguracao-de-cadastro-regional-de-empresas-fornecedoras-do-segmento","status":"publish","type":"post","link":"https:\/\/acs.org.br\/academy\/camara-de-petroleo-e-gas-da-acs-e-sebrae-definem-data-para-inauguracao-de-cadastro-regional-de-empresas-fornecedoras-do-segmento\/","title":{"rendered":"C\u00e2mara de Petr\u00f3leo e G\u00e1s da ACS e Sebrae definem data para inaugura\u00e7\u00e3o de cadastro regional de empresas fornecedoras do segmento"},"content":{"rendered":"<p>Fonte: Departamento de Comunica\u00e7\u00e3o da ACS<\/p>\n<p>Ap\u00f3s acertarem detalhes e ajustes para a cria\u00e7\u00e3o do site, onde ser\u00e1 efetuado o cadastro regional de empresas interessadas em fornecer produtos e servi\u00e7os para petrol\u00edferas, a C\u00e2mara de Petr\u00f3leo e G\u00e1s da Associa\u00e7\u00e3o Comercial de Santos (ACS) e o Sebrae definiram uma data para inaugurar o cadastro: 11 de junho.<\/p>\n<p>O acerto ocorreu durante reuni\u00e3o da C\u00e2mara Setorial de Petr\u00f3leo e G\u00e1s realizada na manh\u00e3 desta ter\u00e7a-feira (09) na Associa\u00e7\u00e3o Comercial de Santos (ACS).<\/p>\n<p>A ideia \u00e9 que o cadastro possa ser realizado tanto pelo desktop quanto pelo mobile.&nbsp; De acordo com o Pedro Veras, diretor da Gest\u00e3o Empresarial por Observa\u00e7\u00e3o \u2013 GEOBS, empresa que far\u00e1 o sistema, alguns campos de preenchimento ser\u00e3o intuitivos para&nbsp; facilitar e agilizar o cadastramento das empresas.<\/p>\n<p><b>Objetivo<\/b><\/p>\n<p>Segundo o coordenador da C\u00e2mara Setorial de Petr\u00f3leo e G\u00e1s, Vicente do Valle, o objetivo \u00e9 que essa lista seja repassada, futuramente, ao Instituto Brasileiro de Petr\u00f3leo, G\u00e1s e Biocombust\u00edveis (IBP) para que as institui\u00e7\u00f5es tenham um panorama regional sobre essas empresas.<\/p>\n<p>\u201cPrimeiro vamos abrir esse cadastro para as empresas que est\u00e3o na regi\u00e3o metropolitana da Baixada Santista e depois iremos expandir a todo Estado de S\u00e3o Paulo. Faltam apenas ajustes t\u00e9cnicos para colocarmos essa ideia em pr\u00e1tica\u201d.<\/p>\n<p><img loading=\"lazy\" decoding=\"async\" class=\" size-full wp-image-86288\" src=\"http:\/\/127.0.0.1\/acs\/wp-content\/uploads\/2019\/04\/WEB_2019_ABRIL_PETROLEO_petroleo_03.jpg\" width=\"570\" height=\"287\" srcset=\"https:\/\/acs.org.br\/academy\/wp-content\/uploads\/2019\/04\/WEB_2019_ABRIL_PETROLEO_petroleo_03.jpg 570w, https:\/\/acs.org.br\/academy\/wp-content\/uploads\/2019\/04\/WEB_2019_ABRIL_PETROLEO_petroleo_03-300x151.jpg 300w\" sizes=\"(max-width: 570px) 100vw, 570px\" \/><\/p>\n<p><b>Em junho<\/b><\/p>\n<p>Para a inaugura\u00e7\u00e3o do servi\u00e7o, haver\u00e1 um evento de apresenta\u00e7\u00e3o do site na Associa\u00e7\u00e3o Comercial de Santos. De acordo com o gerente do Sebrae, Marco Aur\u00e9lio Rosas, a partir de 11 de junho, todas as empresas interessadas em fornecer para a rede de petr\u00f3leo e g\u00e1s poder\u00e3o se cadastrar .<\/p>\n<p>O gerente explica que as micros, pequenas e m\u00e9dias empresas, muitas vezes, n\u00e3o t\u00eam o conhecimento que o produto oferecido por elas possa ser de grande utilidade a grandes empresas. \u201cA ideia \u00e9 que, com essa aproxima\u00e7\u00e3o, gere um desenvolvimento regional. Nossa perspectiva \u00e9 incentivar uma base de dados para gerar neg\u00f3cios entre elas\u201d.<\/p>\n<p><img loading=\"lazy\" decoding=\"async\" class=\" size-full wp-image-86289\" src=\"http:\/\/127.0.0.1\/acs\/wp-content\/uploads\/2019\/04\/WEB_2019_ABRIL_PETROLEO_petroleo_04.jpg\" width=\"570\" height=\"392\" srcset=\"https:\/\/acs.org.br\/academy\/wp-content\/uploads\/2019\/04\/WEB_2019_ABRIL_PETROLEO_petroleo_04.jpg 570w, https:\/\/acs.org.br\/academy\/wp-content\/uploads\/2019\/04\/WEB_2019_ABRIL_PETROLEO_petroleo_04-300x206.jpg 300w\" sizes=\"(max-width: 570px) 100vw, 570px\" \/><\/p>\n<p>A cria\u00e7\u00e3o do cadastro \u00e9 uma das estrat\u00e9gias da C\u00e2mara de Petr\u00f3leo e G\u00e1s para criar um ambiente de instala\u00e7\u00e3o de uma base offshore na Baixada Santista, que abastecer\u00e1, com produtos e servi\u00e7os, as plataformas da Petrobras.<\/p>\n<p><img loading=\"lazy\" decoding=\"async\" class=\" size-full wp-image-86288\" src=\"http:\/\/127.0.0.1\/acs\/wp-content\/uploads\/2019\/04\/WEB_2019_ABRIL_PETROLEO_petroleo_03.jpg\" width=\"570\" height=\"287\" srcset=\"https:\/\/acs.org.br\/academy\/wp-content\/uploads\/2019\/04\/WEB_2019_ABRIL_PETROLEO_petroleo_03.jpg 570w, https:\/\/acs.org.br\/academy\/wp-content\/uploads\/2019\/04\/WEB_2019_ABRIL_PETROLEO_petroleo_03-300x151.jpg 300w\" sizes=\"(max-width: 570px) 100vw, 570px\" \/><\/p>\n","protected":false},"excerpt":{"rendered":"<p>Fonte: Departamento de Comunica\u00e7\u00e3o da ACS Ap\u00f3s acertarem detalhes e ajustes para a cria\u00e7\u00e3o do site, onde ser\u00e1 efetuado o cadastro regional de empresas interessadas em fornecer produtos e servi\u00e7os para petrol\u00edferas, a C\u00e2mara de Petr\u00f3leo e G\u00e1s da Associa\u00e7\u00e3o Comercial de Santos (ACS) e o Sebrae definiram uma data para inaugurar o cadastro: 11 [&hellip;]<\/p>\n","protected":false},"author":1,"featured_media":86287,"comment_status":"open","ping_status":"open","sticky":false,"template":"","format":"standard","meta":{"footnotes":""},"categories":[84],"tags":[],"_links":{"self":[{"href":"https:\/\/acs.org.br\/academy\/wp-json\/wp\/v2\/posts\/86290"}],"collection":[{"href":"https:\/\/acs.org.br\/academy\/wp-json\/wp\/v2\/posts"}],"about":[{"href":"https:\/\/acs.org.br\/academy\/wp-json\/wp\/v2\/types\/post"}],"author":[{"embeddable":true,"href":"https:\/\/acs.org.br\/academy\/wp-json\/wp\/v2\/users\/1"}],"replies":[{"embeddable":true,"href":"https:\/\/acs.org.br\/academy\/wp-json\/wp\/v2\/comments?post=86290"}],"version-history":[{"count":0,"href":"https:\/\/acs.org.br\/academy\/wp-json\/wp\/v2\/posts\/86290\/revisions"}],"wp:featuredmedia":[{"embeddable":true,"href":"https:\/\/acs.org.br\/academy\/wp-json\/wp\/v2\/media\/86287"}],"wp:attachment":[{"href":"https:\/\/acs.org.br\/academy\/wp-json\/wp\/v2\/media?parent=86290"}],"wp:term":[{"taxonomy":"category","embeddable":true,"href":"https:\/\/acs.org.br\/academy\/wp-json\/wp\/v2\/categories?post=86290"},{"taxonomy":"post_tag","embeddable":true,"href":"https:\/\/acs.org.br\/academy\/wp-json\/wp\/v2\/tags?post=86290"}],"curies":[{"name":"wp","href":"https:\/\/api.w.org\/{rel}","templated":true}]}}