{"id":86248,"date":"2019-04-04T11:29:44","date_gmt":"2019-04-04T14:29:44","guid":{"rendered":"http:\/\/127.0.0.1\/acs\/ensino-7\/"},"modified":"2019-04-04T11:29:44","modified_gmt":"2019-04-04T14:29:44","slug":"ensino-7","status":"publish","type":"post","link":"https:\/\/acs.org.br\/academy\/ensino-7\/","title":{"rendered":"Inova\u00e7\u00e3o \u00e9 tema debatido na C\u00e2mara Setorial de Institui\u00e7\u00f5es de Ensino da ACS; detalhes para o Semin\u00e1rio Rodada da Cidadania s\u00e3o finalizados"},"content":{"rendered":"<p>Fonte: Departamento de Comunica\u00e7\u00e3o da ACS<\/p>\n<p>&#8220;A melhor maneira de prevenir o futuro \u00e9 cri\u00e1-lo&#8221;. Foi com esta frase do escritor austr\u00edaco Peter Ducker, que o professor Jesus Sierra, mestre em criatividade Aplicada Total com foco na Inova\u00e7\u00e3o Tecnol\u00f3gica pela Universidade de Santiago de Compostela (Espanha), encerrou sua apresenta\u00e7\u00e3o  na reuni\u00e3o da C\u00e2mara Setorial das Institui\u00e7\u00f5es de Ensino ocorrida na manh\u00e3 desta quinta-feira (04) na Associa\u00e7\u00e3o Comercial de Santos.<\/p>\n<p>O professor falou sobre os oitos movimentos para inova\u00e7\u00e3o e como fazer as ideias se tornarem pr\u00e1ticas. \u201cTodos n\u00f3s somos criativos. Mas, precisamos saber como utilizar essa criatividade de uma maneira que desperte a aten\u00e7\u00e3o. Sobre qualquer assunto temos possibilidades infinitas. Entretanto, \u00e9 fundamental que a institui\u00e7\u00e3o seja inovadora para atender as demandas mais importantes e mais interessantes alinhadas juntamente com seu cliente\u201d. &nbsp;<\/p>\n<\/p>\n<p>Para a coordenadora da C\u00e2mara, Silvia Teixeira Penteado, a presen\u00e7a e a apresenta\u00e7\u00e3o do professor Jesus Sierra foram de extrema import\u00e2ncia. \u201cEsta foi a primeira reuni\u00e3o a qual trouxemos professores que ainda n\u00e3o conheciam a din\u00e2mica da&nbsp; C\u00e2mara. A participa\u00e7\u00e3o de todos foi enriquecedora e&nbsp; ampliar\u00e1, sem d\u00favida a integra\u00e7\u00e3o entre as associadas e a transpar\u00eancia do&nbsp; papel da ACS na sociedade&#8221;.&nbsp; <\/p>\n<p>A coordenadora tamb\u00e9m lembrou que as pr\u00e1ticas de inova\u00e7\u00e3o comentadas por Sierra fazem parte das propostas planejadas para esse ano. \u201cTeremos o&nbsp;Semin\u00e1rio Rodada da Cidadania, que deve ocorrer no final de&nbsp;maio, realizado conjuntamente com o Conselho de C\u00e2maras e a Diretoria dessa Casa, tendo a tem\u00e1tica do Porto de Santos como foco&#8221;.&nbsp;&nbsp;<\/p>\n<p><img loading=\"lazy\" decoding=\"async\" class=\" size-full wp-image-86245\" src=\"http:\/\/127.0.0.1\/acs\/wp-content\/uploads\/2019\/04\/WEB_2019_ABRIL_ENSINO-W_ENSINO_0047.jpg\" width=\"570\" height=\"413\" srcset=\"https:\/\/acs.org.br\/academy\/wp-content\/uploads\/2019\/04\/WEB_2019_ABRIL_ENSINO-W_ENSINO_0047.jpg 570w, https:\/\/acs.org.br\/academy\/wp-content\/uploads\/2019\/04\/WEB_2019_ABRIL_ENSINO-W_ENSINO_0047-300x217.jpg 300w\" sizes=\"(max-width: 570px) 100vw, 570px\" \/><\/p>\n<p class=\"xmsonormal\" style=\"margin-bottom: 12.0pt;\"><o:p><\/o:p><\/p>\n<p>Com rela\u00e7\u00e3o ao evento, a coordenadora explicou que foi feito um convite ao presidente da Codesp, Casemiro T\u00e9rcio Carvalho, por meio do diretor-executivo da ACS, Marcio Calves, para participar do semin\u00e1rio. E&nbsp; o presidente foi bem receptivo e mostrou interesse em participar&#8221;.<\/p>\n<p>J\u00e1 sobre o evento Universidade \u2013Empresa, ficou definido que ele deve ocorrer no in\u00edcio de novembro, durante dois dias. \u201cAinda estamos convidados pessoas do exterior e acertando mais detalhes sobre o tema\u201d.<\/p>\n<p><img loading=\"lazy\" decoding=\"async\" class=\" size-full wp-image-86246\" src=\"http:\/\/127.0.0.1\/acs\/wp-content\/uploads\/2019\/04\/WEB_2019_ABRIL_ENSINO-W_ENSINO_0054.jpg\" width=\"570\" height=\"404\" srcset=\"https:\/\/acs.org.br\/academy\/wp-content\/uploads\/2019\/04\/WEB_2019_ABRIL_ENSINO-W_ENSINO_0054.jpg 570w, https:\/\/acs.org.br\/academy\/wp-content\/uploads\/2019\/04\/WEB_2019_ABRIL_ENSINO-W_ENSINO_0054-300x213.jpg 300w\" sizes=\"(max-width: 570px) 100vw, 570px\" \/><\/p>\n<p><img loading=\"lazy\" decoding=\"async\" class=\" size-full wp-image-86247\" src=\"http:\/\/127.0.0.1\/acs\/wp-content\/uploads\/2019\/04\/WEB_2019_ABRIL_ENSINO-W_ENSINO_0070.jpg\" width=\"570\" height=\"399\" srcset=\"https:\/\/acs.org.br\/academy\/wp-content\/uploads\/2019\/04\/WEB_2019_ABRIL_ENSINO-W_ENSINO_0070.jpg 570w, https:\/\/acs.org.br\/academy\/wp-content\/uploads\/2019\/04\/WEB_2019_ABRIL_ENSINO-W_ENSINO_0070-300x210.jpg 300w\" sizes=\"(max-width: 570px) 100vw, 570px\" \/><\/p>\n","protected":false},"excerpt":{"rendered":"<p>Fonte: Departamento de Comunica\u00e7\u00e3o da ACS &#8220;A melhor maneira de prevenir o futuro \u00e9 cri\u00e1-lo&#8221;. Foi com esta frase do escritor austr\u00edaco Peter Ducker, que o professor Jesus Sierra, mestre em criatividade Aplicada Total com foco na Inova\u00e7\u00e3o Tecnol\u00f3gica pela Universidade de Santiago de Compostela (Espanha), encerrou sua apresenta\u00e7\u00e3o na reuni\u00e3o da C\u00e2mara Setorial das [&hellip;]<\/p>\n","protected":false},"author":1,"featured_media":86244,"comment_status":"open","ping_status":"open","sticky":false,"template":"","format":"standard","meta":{"footnotes":""},"categories":[84],"tags":[],"_links":{"self":[{"href":"https:\/\/acs.org.br\/academy\/wp-json\/wp\/v2\/posts\/86248"}],"collection":[{"href":"https:\/\/acs.org.br\/academy\/wp-json\/wp\/v2\/posts"}],"about":[{"href":"https:\/\/acs.org.br\/academy\/wp-json\/wp\/v2\/types\/post"}],"author":[{"embeddable":true,"href":"https:\/\/acs.org.br\/academy\/wp-json\/wp\/v2\/users\/1"}],"replies":[{"embeddable":true,"href":"https:\/\/acs.org.br\/academy\/wp-json\/wp\/v2\/comments?post=86248"}],"version-history":[{"count":0,"href":"https:\/\/acs.org.br\/academy\/wp-json\/wp\/v2\/posts\/86248\/revisions"}],"wp:featuredmedia":[{"embeddable":true,"href":"https:\/\/acs.org.br\/academy\/wp-json\/wp\/v2\/media\/86244"}],"wp:attachment":[{"href":"https:\/\/acs.org.br\/academy\/wp-json\/wp\/v2\/media?parent=86248"}],"wp:term":[{"taxonomy":"category","embeddable":true,"href":"https:\/\/acs.org.br\/academy\/wp-json\/wp\/v2\/categories?post=86248"},{"taxonomy":"post_tag","embeddable":true,"href":"https:\/\/acs.org.br\/academy\/wp-json\/wp\/v2\/tags?post=86248"}],"curies":[{"name":"wp","href":"https:\/\/api.w.org\/{rel}","templated":true}]}}