{"id":86180,"date":"2019-03-29T00:00:00","date_gmt":"2019-03-29T03:00:00","guid":{"rendered":"http:\/\/127.0.0.1\/acs\/encontro-fora-de-serie-caminhos-para-a-inclusao-das-pessoas-com-sindrome-de-down-ocorre-neste-sabado-na-acs\/"},"modified":"2019-03-29T00:00:00","modified_gmt":"2019-03-29T03:00:00","slug":"encontro-fora-de-serie-caminhos-para-a-inclusao-das-pessoas-com-sindrome-de-down-ocorre-neste-sabado-na-acs","status":"publish","type":"post","link":"https:\/\/acs.org.br\/academy\/encontro-fora-de-serie-caminhos-para-a-inclusao-das-pessoas-com-sindrome-de-down-ocorre-neste-sabado-na-acs\/","title":{"rendered":"Encontro Fora de S\u00e9rie \u2013 Caminhos para a inclus\u00e3o das pessoas com S\u00edndrome de Down ocorre neste s\u00e1bado na ACS"},"content":{"rendered":"<p>Fonte: Departamento de Comunica\u00e7\u00e3o da ACS<\/p>\n<p>A Associa\u00e7\u00e3o Equoterapia de Santos e a Papinha Fora de S\u00e9rie promover\u00e3o no audit\u00f3rio da Associa\u00e7\u00e3o Comercial de Santos, neste s\u00e1bado&nbsp; (30), o Encontro Fora de S\u00e9rie \u2013 Caminhos para inclus\u00e3o das pessoas com S\u00edndrome de Down (Trissomia 21).<\/p>\n<p class=\"xmsonormal\"><o:p><\/o:p><\/p>\n<p class=\"xmsonormal\">O evento foca em caminhos para a inclus\u00e3o das pessoas com s\u00edndrome de Down.&nbsp; Para a volunt\u00e1ria e presidente da Associa\u00e7\u00e3o de Equoterapia de Santos, Maria das Gra\u00e7as Pereira Silva, este tipo de conscientiza\u00e7\u00e3o \u00e9 muito importante. \u201cA sociedade precisa abrir os bra\u00e7os e a cabe\u00e7a e principalmente mudar o conceito de inclus\u00e3o social. Por isso, \u00e9 fundamental esse trabalho de conscientiza\u00e7\u00e3o\u201d.<\/p>\n<p>A procura para participar das palestras foi tanta que j\u00e1 h\u00e1 uma lista de espera.&nbsp; \u201cAs inscri\u00e7\u00f5es est\u00e3o encerradas. Mas, quem n\u00e3o conseguiu participar deste encontro, n\u00e3o deve desanimar. No ano que vem, traremos novamente uma equipe multidisciplinar para falar sobre este importante trabalho\u201d.<\/p>\n<p>Ao todo, ser\u00e3o cinco palestras que v\u00e3o abordar alimenta\u00e7\u00e3o, educa\u00e7\u00e3o e sa\u00fade para pessoas que t\u00eam defici\u00eancia ou necessidades especiais.&nbsp; (Confira a programa\u00e7\u00e3o abaixo)&nbsp;<\/p>\n<p class=\"xmsonormal\"><o:p><\/o:p><\/p>\n<p class=\"xmsonormal\">A Associa\u00e7\u00e3o Comercial de Santos fica na Rua XV de Novembro, 137, Centro de Santos.<\/p>\n<p><b>Projeto Equoterapia<\/p>\n<p><\/b>O Projeto Equoterapia visa a reabilita\u00e7\u00e3o e habilita\u00e7\u00e3o de pessoas com defici\u00eancia ou com necessidades especiais. As atividades praticadas est\u00e3o voltadas para o desenvolvimento das potencialidades dos praticantes, melhorando a integra\u00e7\u00e3o na fam\u00edlia e na sociedade, visando uma melhor qualidade de vida, bem-estar e inclus\u00e3o social. \u201cA utiliza\u00e7\u00e3o do cavalo para o tratamento proporciona importante participa\u00e7\u00e3o no aspecto ps\u00edquico, uma vez que o indiv\u00edduo usa o animal para desenvolver e modificar atitudes e comportamentos, al\u00e9m de melhorar a postura\u201d.<\/p>\n<p>Atualmente, com 120 praticantes, a Associa\u00e7\u00e3o de Equoterapia \u00e9 composta por uma equipe multidisciplinar (psic\u00f3logos, fisioterapeutas e fonoaudi\u00f3logos), al\u00e9m de contar com o apoio da Prefeitura de Santos.<\/p>\n<p><b>Confira a programa\u00e7\u00e3o:<\/b><\/p>\n<p><b>9 horas \u2013 Professor Dr. Zan Mustacchi<\/b><br \/> Tirossomia 21 ( S\u00edndrome de Down)<br \/> Nutri\u00e7\u00e3o, Educa\u00e7\u00e3o e Sa\u00fade<\/p>\n<p> <b>11h30 \u2013 Dr. Fabiane Bittar<\/b><br \/> A inclus\u00e3o pela abordagem odontol\u00f3gica na S\u00edndrome de Down<\/p>\n<p><b>12h30- Marcela Garcia Fonseca <\/b><br \/> Papinhas fora de s\u00e9rie: a inclus\u00e3o come\u00e7a na cozinha<\/p>\n<p><b>14h30 \u2013 Myrian Botelho de Andrade e Viviane Reis <\/b><br \/> Caminhos para inclus\u00e3o: projetos inovadores<\/p>\n<p><b>16h \u2013 Val\u00e9ria Mandin Alabarse e Fabiana Abreu Prado de Alencar<br \/><\/b>A inclus\u00e3o pela alfabetiza\u00e7\u00e3o na T 21: A import\u00e2ncia da fala e da motricidade fina nesse processo.<\/p>\n","protected":false},"excerpt":{"rendered":"<p>Fonte: Departamento de Comunica\u00e7\u00e3o da ACS A Associa\u00e7\u00e3o Equoterapia de Santos e a Papinha Fora de S\u00e9rie promover\u00e3o no audit\u00f3rio da Associa\u00e7\u00e3o Comercial de Santos, neste s\u00e1bado&nbsp; (30), o Encontro Fora de S\u00e9rie \u2013 Caminhos para inclus\u00e3o das pessoas com S\u00edndrome de Down (Trissomia 21). O evento foca em caminhos para a inclus\u00e3o das pessoas [&hellip;]<\/p>\n","protected":false},"author":1,"featured_media":0,"comment_status":"open","ping_status":"open","sticky":false,"template":"","format":"standard","meta":{"footnotes":""},"categories":[84],"tags":[],"_links":{"self":[{"href":"https:\/\/acs.org.br\/academy\/wp-json\/wp\/v2\/posts\/86180"}],"collection":[{"href":"https:\/\/acs.org.br\/academy\/wp-json\/wp\/v2\/posts"}],"about":[{"href":"https:\/\/acs.org.br\/academy\/wp-json\/wp\/v2\/types\/post"}],"author":[{"embeddable":true,"href":"https:\/\/acs.org.br\/academy\/wp-json\/wp\/v2\/users\/1"}],"replies":[{"embeddable":true,"href":"https:\/\/acs.org.br\/academy\/wp-json\/wp\/v2\/comments?post=86180"}],"version-history":[{"count":0,"href":"https:\/\/acs.org.br\/academy\/wp-json\/wp\/v2\/posts\/86180\/revisions"}],"wp:attachment":[{"href":"https:\/\/acs.org.br\/academy\/wp-json\/wp\/v2\/media?parent=86180"}],"wp:term":[{"taxonomy":"category","embeddable":true,"href":"https:\/\/acs.org.br\/academy\/wp-json\/wp\/v2\/categories?post=86180"},{"taxonomy":"post_tag","embeddable":true,"href":"https:\/\/acs.org.br\/academy\/wp-json\/wp\/v2\/tags?post=86180"}],"curies":[{"name":"wp","href":"https:\/\/api.w.org\/{rel}","templated":true}]}}