{"id":86171,"date":"2019-03-27T17:54:03","date_gmt":"2019-03-27T20:54:03","guid":{"rendered":"http:\/\/127.0.0.1\/acs\/assembleia-2\/"},"modified":"2019-03-27T17:54:03","modified_gmt":"2019-03-27T20:54:03","slug":"assembleia-2","status":"publish","type":"post","link":"https:\/\/acs.org.br\/academy\/assembleia-2\/","title":{"rendered":"Por unanimidade, s\u00f3cios aprovam contas da diretoria executiva da Associa\u00e7\u00e3o Comercial de Santos (ACS), Exerc\u00edcio de 2018"},"content":{"rendered":"<p>Fonte: Departamento de Comunica\u00e7\u00e3o da ACS<\/p>\n<p>Durante assembl\u00e9ia ordin\u00e1ria da Associa\u00e7\u00e3o Comercial de Santos (ACS), realizada nesta quarta-feira (27) no audit\u00f3rio da ACS, os associados aprovaram, por unanimidade, as contas da diretoria-executiva, referentes ao exerc\u00edcio de 2018.<\/p>\n<p>O presidente da ACS, Roberto Clemente Santini, falou sobre os importantes servi\u00e7os de moderniza\u00e7\u00e3o que est\u00e3o sendo implantados na Associa\u00e7\u00e3o. Entre eles, a C\u00e2mara Brasileira de Media\u00e7\u00e3o e Arbitragem Empresarial (CBMAE), que foi inaugurada em 14 de fevereiro, e o credenciamento oficial da ACS como Autoridade de Registro (AR), para emiss\u00e3o de Certificado Digital.&nbsp;<\/p>\n<p><img loading=\"lazy\" decoding=\"async\" class=\" size-full wp-image-86166\" src=\"http:\/\/127.0.0.1\/acs\/wp-content\/uploads\/2019\/03\/WEB_2019_MARCO_ASSEMBLEIA-W_ASSEMBLEIA_0016.jpg\" width=\"570\" height=\"530\" srcset=\"https:\/\/acs.org.br\/academy\/wp-content\/uploads\/2019\/03\/WEB_2019_MARCO_ASSEMBLEIA-W_ASSEMBLEIA_0016.jpg 570w, https:\/\/acs.org.br\/academy\/wp-content\/uploads\/2019\/03\/WEB_2019_MARCO_ASSEMBLEIA-W_ASSEMBLEIA_0016-300x279.jpg 300w\" sizes=\"(max-width: 570px) 100vw, 570px\" \/><\/p>\n<p>O credenciamento da ACS como AR foi confirmado na manh\u00e3 desta quarta-feira (27), direto de Bras\u00edlia, pelo Instituto Nacional de Tecnologia da Informa\u00e7\u00e3o (ITI).&nbsp; &nbsp;&#8220;\u00c9ramos apenas um posto de atendimento subordinado \u00e0 Facesp de S\u00e3o Paulo e agora somos uma Ag\u00eancia de Registro. Isso nos traz oportunidades, se for o caso, de firmar parcerias com outras associa\u00e7\u00f5es da regi\u00e3o metropolitana\u201d.&nbsp;<\/p>\n<p><img loading=\"lazy\" decoding=\"async\" class=\" size-full wp-image-86167\" src=\"http:\/\/127.0.0.1\/acs\/wp-content\/uploads\/2019\/03\/WEB_2019_MARCO_ASSEMBLEIA-W_ASSEMBLEIA_0018.jpg\" width=\"570\" height=\"428\" srcset=\"https:\/\/acs.org.br\/academy\/wp-content\/uploads\/2019\/03\/WEB_2019_MARCO_ASSEMBLEIA-W_ASSEMBLEIA_0018.jpg 570w, https:\/\/acs.org.br\/academy\/wp-content\/uploads\/2019\/03\/WEB_2019_MARCO_ASSEMBLEIA-W_ASSEMBLEIA_0018-300x225.jpg 300w\" sizes=\"(max-width: 570px) 100vw, 570px\" \/><\/p>\n<p>Roberto Santini tamb\u00e9m destacou a participa\u00e7\u00e3o importante da ACS no Colfac \u2013 Comiss\u00e3o Local de Facilita\u00e7\u00e3o do Comercio Exterior. \u201cEsse ano, a Receita Federal abriu um conselho para escutar as demandas dos usu\u00e1rios, onde muitas vezes s\u00e3o levadas d\u00favidas de nossos associados\u201d.&nbsp;<\/p>\n<p><img loading=\"lazy\" decoding=\"async\" class=\" size-full wp-image-86168\" src=\"http:\/\/127.0.0.1\/acs\/wp-content\/uploads\/2019\/03\/WEB_2019_MARCO_ASSEMBLEIA-W_ASSEMBLEIA_0025.jpg\" width=\"570\" height=\"428\" srcset=\"https:\/\/acs.org.br\/academy\/wp-content\/uploads\/2019\/03\/WEB_2019_MARCO_ASSEMBLEIA-W_ASSEMBLEIA_0025.jpg 570w, https:\/\/acs.org.br\/academy\/wp-content\/uploads\/2019\/03\/WEB_2019_MARCO_ASSEMBLEIA-W_ASSEMBLEIA_0025-300x225.jpg 300w\" sizes=\"(max-width: 570px) 100vw, 570px\" \/><\/p>\n<p>Em 2018, a ACS abriu espa\u00e7o a todos os candidatos ao Governo do Estado e \u00e0 Presid\u00eancia da Rep\u00fablica. Guilherme Boulos, Jo\u00e3o Doria e Luiz Marinho compareceram ao audit\u00f3rio e falaram sobre seus projetos pol\u00edticos.&nbsp;<\/p>\n<p>Outro destaque lembrado por Roberto Santini em 2018 foi na \u00e1rea cultural. Foram promovidos dois concertos de corda numa parceria com&nbsp; A Tribuna e Petrobras, sob a reg\u00eancia o violoncelista Roberto Ring, apresentando obras de Morzat.&nbsp;<\/p>\n<p><strong>Aprova\u00e7\u00f5es<\/strong><\/p>\n<p>Primeiramente, houve a leitura, pelo diretor-executivo, Marcio Calves, do relat\u00f3rio da auditoria Apply Auditores Associados e, na sequ\u00eancia, o parecer do Conselho Fiscal. Ambos recomendando a aprova\u00e7\u00e3o das contas pela Assembl\u00e9ia Geral.&nbsp;&nbsp;<\/p>\n<p>Ainda durante a reuni\u00e3o, foi aprovado o relat\u00f3rio anual de atividades da diretoria executiva do exerc\u00edcio de 2018.<\/p>\n<p><img loading=\"lazy\" decoding=\"async\" class=\" size-full wp-image-86169\" src=\"http:\/\/127.0.0.1\/acs\/wp-content\/uploads\/2019\/03\/WEB_2019_MARCO_ASSEMBLEIA-W_ASSEMBLEIA_0040.jpg\" width=\"570\" height=\"396\" srcset=\"https:\/\/acs.org.br\/academy\/wp-content\/uploads\/2019\/03\/WEB_2019_MARCO_ASSEMBLEIA-W_ASSEMBLEIA_0040.jpg 570w, https:\/\/acs.org.br\/academy\/wp-content\/uploads\/2019\/03\/WEB_2019_MARCO_ASSEMBLEIA-W_ASSEMBLEIA_0040-300x208.jpg 300w\" sizes=\"(max-width: 570px) 100vw, 570px\" \/><\/p>\n<p><img loading=\"lazy\" decoding=\"async\" class=\" size-full wp-image-86170\" src=\"http:\/\/127.0.0.1\/acs\/wp-content\/uploads\/2019\/03\/WEB_2019_MARCO_ASSEMBLEIA-W_ASSEMBLEIA_0006.jpg\" width=\"570\" height=\"540\" srcset=\"https:\/\/acs.org.br\/academy\/wp-content\/uploads\/2019\/03\/WEB_2019_MARCO_ASSEMBLEIA-W_ASSEMBLEIA_0006.jpg 570w, https:\/\/acs.org.br\/academy\/wp-content\/uploads\/2019\/03\/WEB_2019_MARCO_ASSEMBLEIA-W_ASSEMBLEIA_0006-300x284.jpg 300w\" sizes=\"(max-width: 570px) 100vw, 570px\" \/><\/p>\n","protected":false},"excerpt":{"rendered":"<p>Fonte: Departamento de Comunica\u00e7\u00e3o da ACS Durante assembl\u00e9ia ordin\u00e1ria da Associa\u00e7\u00e3o Comercial de Santos (ACS), realizada nesta quarta-feira (27) no audit\u00f3rio da ACS, os associados aprovaram, por unanimidade, as contas da diretoria-executiva, referentes ao exerc\u00edcio de 2018. O presidente da ACS, Roberto Clemente Santini, falou sobre os importantes servi\u00e7os de moderniza\u00e7\u00e3o que est\u00e3o sendo implantados [&hellip;]<\/p>\n","protected":false},"author":1,"featured_media":86165,"comment_status":"open","ping_status":"open","sticky":false,"template":"","format":"standard","meta":{"footnotes":""},"categories":[84],"tags":[],"_links":{"self":[{"href":"https:\/\/acs.org.br\/academy\/wp-json\/wp\/v2\/posts\/86171"}],"collection":[{"href":"https:\/\/acs.org.br\/academy\/wp-json\/wp\/v2\/posts"}],"about":[{"href":"https:\/\/acs.org.br\/academy\/wp-json\/wp\/v2\/types\/post"}],"author":[{"embeddable":true,"href":"https:\/\/acs.org.br\/academy\/wp-json\/wp\/v2\/users\/1"}],"replies":[{"embeddable":true,"href":"https:\/\/acs.org.br\/academy\/wp-json\/wp\/v2\/comments?post=86171"}],"version-history":[{"count":0,"href":"https:\/\/acs.org.br\/academy\/wp-json\/wp\/v2\/posts\/86171\/revisions"}],"wp:featuredmedia":[{"embeddable":true,"href":"https:\/\/acs.org.br\/academy\/wp-json\/wp\/v2\/media\/86165"}],"wp:attachment":[{"href":"https:\/\/acs.org.br\/academy\/wp-json\/wp\/v2\/media?parent=86171"}],"wp:term":[{"taxonomy":"category","embeddable":true,"href":"https:\/\/acs.org.br\/academy\/wp-json\/wp\/v2\/categories?post=86171"},{"taxonomy":"post_tag","embeddable":true,"href":"https:\/\/acs.org.br\/academy\/wp-json\/wp\/v2\/tags?post=86171"}],"curies":[{"name":"wp","href":"https:\/\/api.w.org\/{rel}","templated":true}]}}