{"id":86146,"date":"2021-07-14T00:00:00","date_gmt":"2021-07-14T03:00:00","guid":{"rendered":"http:\/\/127.0.0.1\/acs\/atas-de-reunioes-da-colfac-comissao-local-de-facilitacao-de-comercio\/"},"modified":"2021-08-06T17:14:48","modified_gmt":"2021-08-06T20:14:48","slug":"atas-de-reunioes-da-colfac-comissao-local-de-facilitacao-de-comercio","status":"publish","type":"post","link":"https:\/\/acs.org.br\/academy\/atas-de-reunioes-da-colfac-comissao-local-de-facilitacao-de-comercio\/","title":{"rendered":"Atas de reuni\u00f5es da COLFAC &#8211; Comiss\u00e3o Local de Facilita\u00e7\u00e3o de Com\u00e9rcio"},"content":{"rendered":"<p><strong>Reuni\u00e3o realizada <span style=\"color: #000000;\">em 18\/03\/2021<\/span><\/strong><\/p>\n<blockquote>\n<p><strong><a href=\"http:\/\/127.0.0.1\/acs\/wp-content\/uploads\/2021\/07\/PDF_2021_JULHO_atacolfac.pdf\" target=\"_blank\" rel=\"noopener\">Confira a ata<\/a><\/strong><\/p>\n<\/blockquote>\n<p>&nbsp;<\/p>\n<p><span style=\"text-decoration: underline;\"><strong>Reuni\u00f5es em 2020<\/strong><\/span><\/p>\n<blockquote>\n<p><strong><a href=\"http:\/\/127.0.0.1\/acs\/wp-content\/uploads\/2021\/07\/PDF_2020_novembro_PAUTAcolfac.PDF\" target=\"_blank\" rel=\"noopener\">Pauta da reuni\u00e3o de 12\/11\/2020<\/a><\/strong><\/p>\n<\/blockquote>\n<p><strong>Reuni\u00e3o realizada em 14\/08\/2020<\/strong><\/p>\n<blockquote>\n<p><strong><a href=\"http:\/\/127.0.0.1\/acs\/wp-content\/uploads\/2021\/07\/PDF_2020_SETEMBRO_atacolfac.pdf\" target=\"_blank\" rel=\"noopener\">Confira a ata<\/a><\/strong><\/p>\n<\/blockquote>\n<p>&nbsp;<\/p>\n<p><span style=\"text-decoration: underline;\"><strong>Reuni\u00f5es em 2019<\/strong><\/span><\/p>\n<p>&nbsp;<\/p>\n<p><strong>Reuni\u00e3o realizada em 08\/01\/2019<\/strong><\/p>\n<blockquote>\n<p><strong><a href=\"http:\/\/127.0.0.1\/acs\/wp-content\/uploads\/2021\/07\/PDF_2019_MARCO_ATAREUNIAOCOLFAC_01.PDF\">Confira a ata<\/a><\/strong><strong>\u00a0<\/strong><\/p>\n<\/blockquote>\n<p><strong>Reuni\u00e3o realizada em 05\/02\/2019<\/strong><\/p>\n<blockquote>\n<p><strong><a href=\"http:\/\/127.0.0.1\/acs\/wp-content\/uploads\/2021\/07\/PDF_2019_MARCO_ATAREUNIAOCOLFAC_02.PDF\">Confira a ata\u00a0<\/a><\/strong><\/p>\n<\/blockquote>\n<p><strong><strong>Reuni\u00e3o realizada em 12\/03\/2019<\/strong><\/strong><\/p>\n<blockquote>\n<p><strong><strong><a href=\"http:\/\/127.0.0.1\/acs\/wp-content\/uploads\/2021\/07\/PDF_2019_MARCO_ATAREUNIAOCOLFAC_03.PDF\">Confira a ata\u00a0<\/a><\/strong><\/strong><\/p>\n<\/blockquote>\n<p><strong><strong><strong><strong><strong>Reuni\u00e3o realizada em 02\/04\/2019<\/strong><\/strong><\/strong><\/strong><\/strong><\/p>\n<blockquote>\n<p><strong><strong><strong><strong><strong><a href=\"http:\/\/127.0.0.1\/acs\/wp-content\/uploads\/2021\/07\/PDF_2019_MAIO_COLFAC0305.PDF\">Confira a ata <\/a><\/strong><\/strong><\/strong><\/strong><\/strong><\/p>\n<p><strong><strong><strong><strong><strong><a href=\"http:\/\/127.0.0.1\/acs\/wp-content\/uploads\/2021\/07\/PDF_2019_MAIO_credenciamentonomercante.pdf\">Credenciamento no Mercante<\/a><\/strong><\/strong><\/strong><\/strong><\/strong><\/p>\n<p><strong><strong><strong><strong><strong><a href=\"http:\/\/127.0.0.1\/acs\/wp-content\/uploads\/2021\/07\/PDF_2019_MAIO_formularios.pdf\">Formul\u00e1rios<\/a><\/strong><\/strong><\/strong><\/strong><\/strong><\/p>\n<\/blockquote>\n<p><strong><strong><strong><strong><strong>Reuni\u00e3o realizada em 07\/05\/2019<\/strong><\/strong><\/strong><\/strong><\/strong><\/p>\n<blockquote>\n<p><strong><strong><strong><strong><strong><a href=\"http:\/\/127.0.0.1\/acs\/wp-content\/uploads\/2021\/07\/PDF_2019_AGOSTO_COLFAC0705.PDF\">Confira a ata<\/a><\/strong><\/strong><\/strong><\/strong><\/strong><\/p>\n<\/blockquote>\n<p><strong><strong><strong><strong><strong><strong><strong><strong><strong><strong>Reuni\u00e3o realizada em 04\/06\/2019<\/strong><\/strong><\/strong><\/strong><\/strong><\/strong><\/strong><\/strong><\/strong><\/strong><\/p>\n<blockquote>\n<p><strong><strong><strong><strong><strong><strong><strong><strong><strong><strong><a href=\"http:\/\/127.0.0.1\/acs\/wp-content\/uploads\/2021\/07\/PDF_2019_AGOSTO_COLFAC0406.PDF\">Confira a ata<\/a><\/strong><\/strong><\/strong><\/strong><\/strong><\/strong><\/strong><\/strong><\/strong><\/strong><\/p>\n<\/blockquote>\n<p><strong><strong><strong><strong><strong><strong><strong><strong><strong><strong>Reuni\u00e3o realizada em 03\/07\/2019<\/strong><\/strong><\/strong><\/strong><\/strong><\/strong><\/strong><\/strong><\/strong><\/strong><\/p>\n<p><strong><strong><strong><strong><strong><strong><strong><strong><strong><strong><a href=\"http:\/\/127.0.0.1\/acs\/wp-content\/uploads\/2021\/07\/PDF_2019_AGOSTO_COLFAC0307.PDF\">&gt;Confira a ata<br \/>\n<\/a><\/strong><\/strong><\/strong><\/strong><\/strong><\/strong><\/strong><\/strong><\/strong><\/strong><\/p>\n","protected":false},"excerpt":{"rendered":"<p>Reuni\u00e3o realizada em 18\/03\/2021 Confira a ata &nbsp; Reuni\u00f5es em 2020 Pauta da reuni\u00e3o de 12\/11\/2020 Reuni\u00e3o realizada em 14\/08\/2020 Confira a ata &nbsp; Reuni\u00f5es em 2019 &nbsp; Reuni\u00e3o realizada em 08\/01\/2019 Confira a ata\u00a0 Reuni\u00e3o realizada em 05\/02\/2019 Confira a ata\u00a0 Reuni\u00e3o realizada em 12\/03\/2019 Confira a ata\u00a0 Reuni\u00e3o realizada em 02\/04\/2019 Confira a [&hellip;]<\/p>\n","protected":false},"author":1,"featured_media":0,"comment_status":"open","ping_status":"open","sticky":false,"template":"","format":"standard","meta":{"footnotes":""},"categories":[84],"tags":[],"_links":{"self":[{"href":"https:\/\/acs.org.br\/academy\/wp-json\/wp\/v2\/posts\/86146"}],"collection":[{"href":"https:\/\/acs.org.br\/academy\/wp-json\/wp\/v2\/posts"}],"about":[{"href":"https:\/\/acs.org.br\/academy\/wp-json\/wp\/v2\/types\/post"}],"author":[{"embeddable":true,"href":"https:\/\/acs.org.br\/academy\/wp-json\/wp\/v2\/users\/1"}],"replies":[{"embeddable":true,"href":"https:\/\/acs.org.br\/academy\/wp-json\/wp\/v2\/comments?post=86146"}],"version-history":[{"count":4,"href":"https:\/\/acs.org.br\/academy\/wp-json\/wp\/v2\/posts\/86146\/revisions"}],"predecessor-version":[{"id":98509,"href":"https:\/\/acs.org.br\/academy\/wp-json\/wp\/v2\/posts\/86146\/revisions\/98509"}],"wp:attachment":[{"href":"https:\/\/acs.org.br\/academy\/wp-json\/wp\/v2\/media?parent=86146"}],"wp:term":[{"taxonomy":"category","embeddable":true,"href":"https:\/\/acs.org.br\/academy\/wp-json\/wp\/v2\/categories?post=86146"},{"taxonomy":"post_tag","embeddable":true,"href":"https:\/\/acs.org.br\/academy\/wp-json\/wp\/v2\/tags?post=86146"}],"curies":[{"name":"wp","href":"https:\/\/api.w.org\/{rel}","templated":true}]}}