{"id":86125,"date":"2019-03-25T17:37:17","date_gmt":"2019-03-25T20:37:17","guid":{"rendered":"http:\/\/127.0.0.1\/acs\/curso-de-mediacao-de-empresarial-da-acs-ensina-tecnicas-para-resolucao-de-conflitos\/"},"modified":"2019-03-25T17:37:17","modified_gmt":"2019-03-25T20:37:17","slug":"curso-de-mediacao-de-empresarial-da-acs-ensina-tecnicas-para-resolucao-de-conflitos","status":"publish","type":"post","link":"https:\/\/acs.org.br\/academy\/curso-de-mediacao-de-empresarial-da-acs-ensina-tecnicas-para-resolucao-de-conflitos\/","title":{"rendered":"Curso de media\u00e7\u00e3o de Empresarial da ACS  ensina t\u00e9cnicas para resolu\u00e7\u00e3o de conflitos"},"content":{"rendered":"<p><b>Fonte: Departamento de Comunica\u00e7\u00e3o da ACS<\/b><\/p>\n<p>O primeiro Curso de Media\u00e7\u00e3o Empresarial da Associa\u00e7\u00e3o Comercial de Santos (ACS) ocorreu neste final de semana.&nbsp; Entre os inscritos, estavam&nbsp; advogados, analista de RH, dentista, pedagogo e engenheiro.<\/p>\n<p>Ministrado em duas etapas, dist\u00e2ncia e presencial, o curso \u00e9 direcionado a empres\u00e1rios e colaboradores que buscam conhecimento sobre conceitos, t\u00e9cnicas e ferramentas de negocia\u00e7\u00e3o e media\u00e7\u00e3o nas rela\u00e7\u00f5es empresariais.<\/p>\n<p>&nbsp;<\/p>\n<p><b><a href=\"index.php?option=com_content&amp;view=article&amp;id=21884;2019-02-15-13-06-34&amp;catid=2;noticias&amp;Itemid=49\">Inaugurada na Associa\u00e7\u00e3o Comercial de Santos<\/a><\/b>, em 14 de fevereiro deste ano, a C\u00e2mara Brasileira de Media\u00e7\u00e3o e Arbitragem Empresarial veio com o intuito de resolver entraves contratuais de uma maneira mais eficaz, c\u00e9lere e sigilosa. E, para isso, s\u00e3o utilizadas t\u00e9cnicas que foram aplicadas neste curso.<\/p>\n<p>De acordo com a advogada e consultora Marcella Bampi, que ministrou o curso, a troca de informa\u00e7\u00f5es foi enriquecedora ao longo desses tr\u00eas dias. \u201cPercebi que essa turma era muito integrada. Como a maioria era de Santos, eles j\u00e1 tinham uma afinidade e os exerc\u00edcios flu\u00edram bem. Al\u00e9m disso, eles se mostraram dispon\u00edveis para aprender e colocar em pr\u00e1tica no dia a dia tudo o que aprenderam sobre media\u00e7\u00e3o\u201d.<\/p>\n<p><img loading=\"lazy\" decoding=\"async\" class=\" size-full wp-image-86117\" src=\"http:\/\/127.0.0.1\/acs\/wp-content\/uploads\/2019\/03\/WEB_2019_MARCO_CBMAE-W_CBMAE_0094.jpg\" width=\"570\" height=\"454\" srcset=\"https:\/\/acs.org.br\/academy\/wp-content\/uploads\/2019\/03\/WEB_2019_MARCO_CBMAE-W_CBMAE_0094.jpg 570w, https:\/\/acs.org.br\/academy\/wp-content\/uploads\/2019\/03\/WEB_2019_MARCO_CBMAE-W_CBMAE_0094-300x239.jpg 300w\" sizes=\"(max-width: 570px) 100vw, 570px\" \/><\/p>\n<p>O advogado e consultor Guilherme Giussani, que tamb\u00e9m ministrou o curso, &nbsp;tem certeza que todos sa\u00edram com &nbsp;um novo olhar sobre como se comportar e administrar seus conflitos pessoais e principalmente profissionais. \u201cEssa turma tem toda a capacidade de atua\u00e7\u00e3o como mediadores privados, auxiliando as empresas na resolu\u00e7\u00e3o dos conflitos empresariais\u201d. &nbsp;Ainda de acordo com Giussani, o objetivo do curso foi passar a vis\u00e3o da media\u00e7\u00e3o aplicada no mundo empresarial e como ela pode auxiliar no dia a dia da empresa.<\/p>\n<p><img loading=\"lazy\" decoding=\"async\" class=\" size-full wp-image-86118\" src=\"http:\/\/127.0.0.1\/acs\/wp-content\/uploads\/2019\/03\/WEB_2019_MARCO_CBMAE-W_CBMAE_0044.jpg\" width=\"570\" height=\"436\" srcset=\"https:\/\/acs.org.br\/academy\/wp-content\/uploads\/2019\/03\/WEB_2019_MARCO_CBMAE-W_CBMAE_0044.jpg 570w, https:\/\/acs.org.br\/academy\/wp-content\/uploads\/2019\/03\/WEB_2019_MARCO_CBMAE-W_CBMAE_0044-300x229.jpg 300w\" sizes=\"(max-width: 570px) 100vw, 570px\" \/><\/p>\n<p>A viagem de mais de 12 horas do Rio Grande do Sul a Santos foi recompensada pelo aprendizado, segundo o engenheiro Pedro Calisto Luppi. Ele, que mora no Sul&nbsp; e trabalha na \u00e1rea de praticagem,&nbsp; precisava de t\u00e9cnicas para aplicar em casos de conflitos. \u201cIndico o curso a qualquer pessoa. Desde 2004, trabalho com praticagem e fa\u00e7o negocia\u00e7\u00f5es. Mas, n\u00e3o tinha embasamento. Agora, voltei com uma bagagem enriquecedora e que agregou ao meu conhecimento.&nbsp; Foi um final de semana excelente\u201d.<\/p>\n<p><img loading=\"lazy\" decoding=\"async\" class=\" size-full wp-image-86119\" src=\"http:\/\/127.0.0.1\/acs\/wp-content\/uploads\/2019\/03\/WEB_2019_MARCO_CBMAE-W_CBMAE_0137.jpg\" width=\"570\" height=\"425\" srcset=\"https:\/\/acs.org.br\/academy\/wp-content\/uploads\/2019\/03\/WEB_2019_MARCO_CBMAE-W_CBMAE_0137.jpg 570w, https:\/\/acs.org.br\/academy\/wp-content\/uploads\/2019\/03\/WEB_2019_MARCO_CBMAE-W_CBMAE_0137-300x224.jpg 300w\" sizes=\"(max-width: 570px) 100vw, 570px\" \/><\/p>\n<p>A advogada Vandressa Correa Vieira, que j\u00e1 tinha feito um curso de media\u00e7\u00e3o judici\u00e1ria, conta que o de media\u00e7\u00e3o empresarial agregou ainda mais. \u201cTivemos o outro lado, a vis\u00e3o do empres\u00e1rio. E o que vou levar de mais importante \u00e9 que eles falaram muito sobre a quest\u00e3o do ser humano, de olhar o outro lado. Isso foi o que mais me chamou aten\u00e7\u00e3o\u201d.<\/p>\n<p>Ao longo do ano, devem ser abertas novas turmas. Para fazer o curso, \u00e9 necess\u00e1rio ter forma\u00e7\u00e3o superior em qualquer \u00e1rea. Acompanhe nosso site e redes sociais (Facebook, LinkedIn, Twitter e Instagram) para saber novidades sobre o curso.<\/p>\n<p>\u00a0<\/p>\n<p><img loading=\"lazy\" decoding=\"async\" class=\" size-full wp-image-86120\" src=\"http:\/\/127.0.0.1\/acs\/wp-content\/uploads\/2019\/03\/WEB_2019_MARCO_CBMAE-W_CBMAE_0066.jpg\" width=\"570\" height=\"432\" srcset=\"https:\/\/acs.org.br\/academy\/wp-content\/uploads\/2019\/03\/WEB_2019_MARCO_CBMAE-W_CBMAE_0066.jpg 570w, https:\/\/acs.org.br\/academy\/wp-content\/uploads\/2019\/03\/WEB_2019_MARCO_CBMAE-W_CBMAE_0066-300x227.jpg 300w\" sizes=\"(max-width: 570px) 100vw, 570px\" \/><\/p>\n<p><img loading=\"lazy\" decoding=\"async\" class=\" size-full wp-image-86121\" src=\"http:\/\/127.0.0.1\/acs\/wp-content\/uploads\/2019\/03\/WEB_2019_MARCO_CBMAE-W_CBMAE_0068.jpg\" width=\"570\" height=\"428\" srcset=\"https:\/\/acs.org.br\/academy\/wp-content\/uploads\/2019\/03\/WEB_2019_MARCO_CBMAE-W_CBMAE_0068.jpg 570w, https:\/\/acs.org.br\/academy\/wp-content\/uploads\/2019\/03\/WEB_2019_MARCO_CBMAE-W_CBMAE_0068-300x225.jpg 300w\" sizes=\"(max-width: 570px) 100vw, 570px\" \/><\/p>\n<p><img loading=\"lazy\" decoding=\"async\" class=\" size-full wp-image-86122\" src=\"http:\/\/127.0.0.1\/acs\/wp-content\/uploads\/2019\/03\/WEB_2019_MARCO_CBMAE-W_CBMAE_0069.jpg\" width=\"570\" height=\"409\" srcset=\"https:\/\/acs.org.br\/academy\/wp-content\/uploads\/2019\/03\/WEB_2019_MARCO_CBMAE-W_CBMAE_0069.jpg 570w, https:\/\/acs.org.br\/academy\/wp-content\/uploads\/2019\/03\/WEB_2019_MARCO_CBMAE-W_CBMAE_0069-300x215.jpg 300w\" sizes=\"(max-width: 570px) 100vw, 570px\" \/><\/p>\n<p><img loading=\"lazy\" decoding=\"async\" class=\" size-full wp-image-86123\" src=\"http:\/\/127.0.0.1\/acs\/wp-content\/uploads\/2019\/03\/WEB_2019_MARCO_CBMAE-W_CBMAE_0071.jpg\" width=\"570\" height=\"415\" srcset=\"https:\/\/acs.org.br\/academy\/wp-content\/uploads\/2019\/03\/WEB_2019_MARCO_CBMAE-W_CBMAE_0071.jpg 570w, https:\/\/acs.org.br\/academy\/wp-content\/uploads\/2019\/03\/WEB_2019_MARCO_CBMAE-W_CBMAE_0071-300x218.jpg 300w\" sizes=\"(max-width: 570px) 100vw, 570px\" \/><\/p>\n<p><img loading=\"lazy\" decoding=\"async\" class=\" size-full wp-image-86124\" src=\"http:\/\/127.0.0.1\/acs\/wp-content\/uploads\/2019\/03\/WEB_2019_MARCO_CBMAE-W_CBMAE_0072.jpg\" width=\"570\" height=\"412\" srcset=\"https:\/\/acs.org.br\/academy\/wp-content\/uploads\/2019\/03\/WEB_2019_MARCO_CBMAE-W_CBMAE_0072.jpg 570w, https:\/\/acs.org.br\/academy\/wp-content\/uploads\/2019\/03\/WEB_2019_MARCO_CBMAE-W_CBMAE_0072-300x217.jpg 300w\" sizes=\"(max-width: 570px) 100vw, 570px\" \/>&nbsp;<\/p>\n","protected":false},"excerpt":{"rendered":"<p>Fonte: Departamento de Comunica\u00e7\u00e3o da ACS O primeiro Curso de Media\u00e7\u00e3o Empresarial da Associa\u00e7\u00e3o Comercial de Santos (ACS) ocorreu neste final de semana.&nbsp; Entre os inscritos, estavam&nbsp; advogados, analista de RH, dentista, pedagogo e engenheiro. Ministrado em duas etapas, dist\u00e2ncia e presencial, o curso \u00e9 direcionado a empres\u00e1rios e colaboradores que buscam conhecimento sobre conceitos, [&hellip;]<\/p>\n","protected":false},"author":1,"featured_media":86116,"comment_status":"open","ping_status":"open","sticky":false,"template":"","format":"standard","meta":{"footnotes":""},"categories":[84],"tags":[],"_links":{"self":[{"href":"https:\/\/acs.org.br\/academy\/wp-json\/wp\/v2\/posts\/86125"}],"collection":[{"href":"https:\/\/acs.org.br\/academy\/wp-json\/wp\/v2\/posts"}],"about":[{"href":"https:\/\/acs.org.br\/academy\/wp-json\/wp\/v2\/types\/post"}],"author":[{"embeddable":true,"href":"https:\/\/acs.org.br\/academy\/wp-json\/wp\/v2\/users\/1"}],"replies":[{"embeddable":true,"href":"https:\/\/acs.org.br\/academy\/wp-json\/wp\/v2\/comments?post=86125"}],"version-history":[{"count":0,"href":"https:\/\/acs.org.br\/academy\/wp-json\/wp\/v2\/posts\/86125\/revisions"}],"wp:featuredmedia":[{"embeddable":true,"href":"https:\/\/acs.org.br\/academy\/wp-json\/wp\/v2\/media\/86116"}],"wp:attachment":[{"href":"https:\/\/acs.org.br\/academy\/wp-json\/wp\/v2\/media?parent=86125"}],"wp:term":[{"taxonomy":"category","embeddable":true,"href":"https:\/\/acs.org.br\/academy\/wp-json\/wp\/v2\/categories?post=86125"},{"taxonomy":"post_tag","embeddable":true,"href":"https:\/\/acs.org.br\/academy\/wp-json\/wp\/v2\/tags?post=86125"}],"curies":[{"name":"wp","href":"https:\/\/api.w.org\/{rel}","templated":true}]}}