{"id":86091,"date":"2019-03-21T17:00:13","date_gmt":"2019-03-21T20:00:13","guid":{"rendered":"http:\/\/127.0.0.1\/acs\/servidores-publicos-tiram-duvidas-sobre-sistema-da-ods-na-associacao-comercial-de-santos\/"},"modified":"2019-03-21T17:00:13","modified_gmt":"2019-03-21T20:00:13","slug":"servidores-publicos-tiram-duvidas-sobre-sistema-da-ods-na-associacao-comercial-de-santos","status":"publish","type":"post","link":"https:\/\/acs.org.br\/academy\/servidores-publicos-tiram-duvidas-sobre-sistema-da-ods-na-associacao-comercial-de-santos\/","title":{"rendered":"Servidores p\u00fablicos tiram d\u00favidas sobre sistema da ODS na Associa\u00e7\u00e3o Comercial de Santos"},"content":{"rendered":"<p>Fonte: Departamento de Comunica\u00e7\u00e3o da ACS<\/p>\n<p>Uma reuni\u00e3o com os servidores p\u00fablicos da Prefeitura de Santos sobre &#8220;Cidades Sustent\u00e1veis e Objetivos de Desenvolvimento Sustent\u00e1vel&nbsp;(ODS)&#8221; &nbsp;ocorreu na tarde desta quinta-feira (21) no audit\u00f3rio da Associa\u00e7\u00e3o Comercial de Santos (ACS). <\/p>\n<p> Sob coordena\u00e7\u00e3o da Ouvidoria Municipal, a reuni\u00e3o teve como finalidade capacitar os profissionais que atuam na \u00e1rea de seguran\u00e7a, sa\u00fade e meio ambiente para entender como funciona o sistema que cadastra dados sobre a sustentabilidade.&nbsp;<\/p>\n<p>Segundo a&nbsp;<em>chefe do Departamento<\/em> de Articula\u00e7\u00e3o da&nbsp;<em>Prefeitura<\/em>,&nbsp;<em>Suzete <\/em>Faustina dos&nbsp;<em>Santos, o <\/em>objetivo foi fazer com que as secretarias tenham no seu dia a dia a necessidade de saber quais s\u00e3o os objetivos do desenvolvimento sustent\u00e1vel. &nbsp;\u201cPrecisamos observar de que forma podemos contribuir para atingir tudo aquilo que nos \u00e9 proposto\u201d.<\/p>\n<p><img loading=\"lazy\" decoding=\"async\" class=\" size-full wp-image-86086\" src=\"http:\/\/127.0.0.1\/acs\/wp-content\/uploads\/2019\/03\/WEB_2019_MARCO_ODS-W_ODS_0007.jpg\" width=\"570\" height=\"427\" srcset=\"https:\/\/acs.org.br\/academy\/wp-content\/uploads\/2019\/03\/WEB_2019_MARCO_ODS-W_ODS_0007.jpg 570w, https:\/\/acs.org.br\/academy\/wp-content\/uploads\/2019\/03\/WEB_2019_MARCO_ODS-W_ODS_0007-300x225.jpg 300w\" sizes=\"(max-width: 570px) 100vw, 570px\" \/><\/p>\n<p>Um sistema mais simples enxuto foi criado para o cadastro dessas informa\u00e7\u00f5es.&nbsp; De acordo com o chefe do departamento da Ouvidoria e Transpar\u00eancia, Fabio Tatsubo, s\u00e3o 613 indicadores que falam de metas de sustentabilidade, de qualidade de vida e de qualifica\u00e7\u00e3o da &nbsp;pobreza. <\/p>\n<p> \u201cS\u00e3o dados que acabam se cruzando. Primeiro, vamos preencher um sistema interno e depois vamos lan\u00e7ar esses dados a um sistema externo. &nbsp;A credibilidade dessas informa\u00e7\u00f5es \u00e9 muito importante, tanto que Santos j\u00e1 foi premiado durante tr\u00eas anos, de 2013 a 2015, pelos programas de Cidades Sustent\u00e1veis\u201d.<\/p>\n<div><\/div>\n<div><img loading=\"lazy\" decoding=\"async\" class=\" size-full wp-image-86087\" src=\"http:\/\/127.0.0.1\/acs\/wp-content\/uploads\/2019\/03\/WEB_2019_MARCO_ODS-W_ODS_0020.jpg\" width=\"570\" height=\"419\" srcset=\"https:\/\/acs.org.br\/academy\/wp-content\/uploads\/2019\/03\/WEB_2019_MARCO_ODS-W_ODS_0020.jpg 570w, https:\/\/acs.org.br\/academy\/wp-content\/uploads\/2019\/03\/WEB_2019_MARCO_ODS-W_ODS_0020-300x221.jpg 300w\" sizes=\"(max-width: 570px) 100vw, 570px\" \/><\/p>\n<p><img loading=\"lazy\" decoding=\"async\" class=\" size-full wp-image-86088\" src=\"http:\/\/127.0.0.1\/acs\/wp-content\/uploads\/2019\/03\/WEB_2019_MARCO_ODS-W_ODS_0033.jpg\" width=\"570\" height=\"421\" srcset=\"https:\/\/acs.org.br\/academy\/wp-content\/uploads\/2019\/03\/WEB_2019_MARCO_ODS-W_ODS_0033.jpg 570w, https:\/\/acs.org.br\/academy\/wp-content\/uploads\/2019\/03\/WEB_2019_MARCO_ODS-W_ODS_0033-300x222.jpg 300w\" sizes=\"(max-width: 570px) 100vw, 570px\" \/><\/p>\n<p><img loading=\"lazy\" decoding=\"async\" class=\" size-full wp-image-86089\" src=\"http:\/\/127.0.0.1\/acs\/wp-content\/uploads\/2019\/03\/WEB_2019_MARCO_ODS-W_ODS_0041.jpg\" width=\"570\" height=\"422\" srcset=\"https:\/\/acs.org.br\/academy\/wp-content\/uploads\/2019\/03\/WEB_2019_MARCO_ODS-W_ODS_0041.jpg 570w, https:\/\/acs.org.br\/academy\/wp-content\/uploads\/2019\/03\/WEB_2019_MARCO_ODS-W_ODS_0041-300x222.jpg 300w\" sizes=\"(max-width: 570px) 100vw, 570px\" \/><\/p>\n<p><img loading=\"lazy\" decoding=\"async\" class=\" size-full wp-image-86090\" src=\"http:\/\/127.0.0.1\/acs\/wp-content\/uploads\/2019\/03\/WEB_2019_MARCO_ODS-W_ODS_0050.jpg\" width=\"570\" height=\"405\" srcset=\"https:\/\/acs.org.br\/academy\/wp-content\/uploads\/2019\/03\/WEB_2019_MARCO_ODS-W_ODS_0050.jpg 570w, https:\/\/acs.org.br\/academy\/wp-content\/uploads\/2019\/03\/WEB_2019_MARCO_ODS-W_ODS_0050-300x213.jpg 300w\" sizes=\"(max-width: 570px) 100vw, 570px\" \/><\/div>\n","protected":false},"excerpt":{"rendered":"<p>Fonte: Departamento de Comunica\u00e7\u00e3o da ACS Uma reuni\u00e3o com os servidores p\u00fablicos da Prefeitura de Santos sobre &#8220;Cidades Sustent\u00e1veis e Objetivos de Desenvolvimento Sustent\u00e1vel&nbsp;(ODS)&#8221; &nbsp;ocorreu na tarde desta quinta-feira (21) no audit\u00f3rio da Associa\u00e7\u00e3o Comercial de Santos (ACS). Sob coordena\u00e7\u00e3o da Ouvidoria Municipal, a reuni\u00e3o teve como finalidade capacitar os profissionais que atuam na \u00e1rea [&hellip;]<\/p>\n","protected":false},"author":1,"featured_media":86085,"comment_status":"open","ping_status":"open","sticky":false,"template":"","format":"standard","meta":{"footnotes":""},"categories":[84],"tags":[],"_links":{"self":[{"href":"https:\/\/acs.org.br\/academy\/wp-json\/wp\/v2\/posts\/86091"}],"collection":[{"href":"https:\/\/acs.org.br\/academy\/wp-json\/wp\/v2\/posts"}],"about":[{"href":"https:\/\/acs.org.br\/academy\/wp-json\/wp\/v2\/types\/post"}],"author":[{"embeddable":true,"href":"https:\/\/acs.org.br\/academy\/wp-json\/wp\/v2\/users\/1"}],"replies":[{"embeddable":true,"href":"https:\/\/acs.org.br\/academy\/wp-json\/wp\/v2\/comments?post=86091"}],"version-history":[{"count":0,"href":"https:\/\/acs.org.br\/academy\/wp-json\/wp\/v2\/posts\/86091\/revisions"}],"wp:featuredmedia":[{"embeddable":true,"href":"https:\/\/acs.org.br\/academy\/wp-json\/wp\/v2\/media\/86085"}],"wp:attachment":[{"href":"https:\/\/acs.org.br\/academy\/wp-json\/wp\/v2\/media?parent=86091"}],"wp:term":[{"taxonomy":"category","embeddable":true,"href":"https:\/\/acs.org.br\/academy\/wp-json\/wp\/v2\/categories?post=86091"},{"taxonomy":"post_tag","embeddable":true,"href":"https:\/\/acs.org.br\/academy\/wp-json\/wp\/v2\/tags?post=86091"}],"curies":[{"name":"wp","href":"https:\/\/api.w.org\/{rel}","templated":true}]}}