{"id":86084,"date":"2019-03-22T00:00:00","date_gmt":"2019-03-22T03:00:00","guid":{"rendered":"http:\/\/127.0.0.1\/acs\/curso-de-mediacao-empresarial-ocorre-neste-final-de-semana-na-sede-da-acs\/"},"modified":"2019-03-22T00:00:00","modified_gmt":"2019-03-22T03:00:00","slug":"curso-de-mediacao-empresarial-ocorre-neste-final-de-semana-na-sede-da-acs","status":"publish","type":"post","link":"https:\/\/acs.org.br\/academy\/curso-de-mediacao-empresarial-ocorre-neste-final-de-semana-na-sede-da-acs\/","title":{"rendered":"Curso de Media\u00e7\u00e3o Empresarial ocorre neste final de semana na sede da ACS"},"content":{"rendered":"<p>Fonte: Departamento de Comunica\u00e7\u00e3o da ACS<\/p>\n<p>O curso de Media\u00e7\u00e3o Empresarial, onde ser\u00e3o aplicadas as t\u00e9cnicas e os conceitos da C\u00e2mara Brasileira de Media\u00e7\u00e3o e Arbitragem Empresarial (CBMAE), ocorre neste final de semana na sede da Associa\u00e7\u00e3o Comercial de Santos. Ao todo, s\u00e3o 29 alunos inscritos.<\/p>\n<p>Este ser\u00e1 o primeiro curso presencial desde a inaugura\u00e7\u00e3o da C\u00e2mara Brasileira de Media\u00e7\u00e3o e Arbitragem Empresarial (CBMAE) na ACS, <b><a href=\"index.php?option=com_content&amp;view=article&amp;id=21884;2019-02-15-13-06-34&amp;catid=2;noticias&amp;Itemid=49\">ocorrida em 14 de fevereiro<\/a><\/b>.<\/p>\n<p>Ministrado em duas etapas, a dist\u00e2ncia e presencial, o curso \u00e9 direcionado aos empres\u00e1rios e colaboradores que buscam conhecimento sobre conceitos, t\u00e9cnicas e ferramentas de negocia\u00e7\u00e3o e media\u00e7\u00e3o nas rela\u00e7\u00f5es empresariais.<\/p>\n<p>De acordo com a advogada e consultora Marcella Bampi, que ministrar\u00e1 o curso, as t\u00e9cnicas aprendidas no curso ser\u00e3o fundamentais para ajudar a resolver um entrave contratual. \u201cAs demandas extrajudiciais podem ser resolvidas rapidamente e com uma taxa de sucesso elevada, porque os m\u00e9todos utilizados, que s\u00e3o a concilia\u00e7\u00e3o, a media\u00e7\u00e3o e arbitragem, s\u00e3o adequados \u00e0s necessidades das partes, e podem ser resolvidos em at\u00e9 uma reuni\u00e3o\/sess\u00e3o, no caso da concilia\u00e7\u00e3o e da media\u00e7\u00e3o, ou com uma senten\u00e7a arbitral, no caso da arbitragem\u201d.<\/p>\n<p>Ao longo do ano, devem ser abertas novas turmas. Para fazer o curso, \u00e9 necess\u00e1rio ter forma\u00e7\u00e3o superior em qualquer \u00e1rea. Acompanhe nosso site e redes sociais para saber novidades sobre o curso.<\/p>\n","protected":false},"excerpt":{"rendered":"<p>Fonte: Departamento de Comunica\u00e7\u00e3o da ACS O curso de Media\u00e7\u00e3o Empresarial, onde ser\u00e3o aplicadas as t\u00e9cnicas e os conceitos da C\u00e2mara Brasileira de Media\u00e7\u00e3o e Arbitragem Empresarial (CBMAE), ocorre neste final de semana na sede da Associa\u00e7\u00e3o Comercial de Santos. Ao todo, s\u00e3o 29 alunos inscritos. Este ser\u00e1 o primeiro curso presencial desde a inaugura\u00e7\u00e3o [&hellip;]<\/p>\n","protected":false},"author":1,"featured_media":0,"comment_status":"open","ping_status":"open","sticky":false,"template":"","format":"standard","meta":{"footnotes":""},"categories":[84],"tags":[],"_links":{"self":[{"href":"https:\/\/acs.org.br\/academy\/wp-json\/wp\/v2\/posts\/86084"}],"collection":[{"href":"https:\/\/acs.org.br\/academy\/wp-json\/wp\/v2\/posts"}],"about":[{"href":"https:\/\/acs.org.br\/academy\/wp-json\/wp\/v2\/types\/post"}],"author":[{"embeddable":true,"href":"https:\/\/acs.org.br\/academy\/wp-json\/wp\/v2\/users\/1"}],"replies":[{"embeddable":true,"href":"https:\/\/acs.org.br\/academy\/wp-json\/wp\/v2\/comments?post=86084"}],"version-history":[{"count":0,"href":"https:\/\/acs.org.br\/academy\/wp-json\/wp\/v2\/posts\/86084\/revisions"}],"wp:attachment":[{"href":"https:\/\/acs.org.br\/academy\/wp-json\/wp\/v2\/media?parent=86084"}],"wp:term":[{"taxonomy":"category","embeddable":true,"href":"https:\/\/acs.org.br\/academy\/wp-json\/wp\/v2\/categories?post=86084"},{"taxonomy":"post_tag","embeddable":true,"href":"https:\/\/acs.org.br\/academy\/wp-json\/wp\/v2\/tags?post=86084"}],"curies":[{"name":"wp","href":"https:\/\/api.w.org\/{rel}","templated":true}]}}