{"id":86063,"date":"2019-03-20T12:06:21","date_gmt":"2019-03-20T15:06:21","guid":{"rendered":"http:\/\/127.0.0.1\/acs\/fundacao-arquivo-e-memoria-de-santos-realiza-seminario-sobre-gestao-documental-na-associacao-comercial-de-santos\/"},"modified":"2019-03-20T12:06:21","modified_gmt":"2019-03-20T15:06:21","slug":"fundacao-arquivo-e-memoria-de-santos-realiza-seminario-sobre-gestao-documental-na-associacao-comercial-de-santos","status":"publish","type":"post","link":"https:\/\/acs.org.br\/academy\/fundacao-arquivo-e-memoria-de-santos-realiza-seminario-sobre-gestao-documental-na-associacao-comercial-de-santos\/","title":{"rendered":"Funda\u00e7\u00e3o Arquivo e Mem\u00f3ria de Santos realiza semin\u00e1rio sobre gest\u00e3o documental na Associa\u00e7\u00e3o Comercial de Santos"},"content":{"rendered":"<p>Fonte: Departamento de Comunica\u00e7\u00e3o da ACS<\/p>\n<p>A Funda\u00e7\u00e3o Arquivo e Mem\u00f3ria de Santos (Fams) realizou nesta quarta-feira (20) o 13\u00ba Semin\u00e1rio Regional de Mem\u00f3ria, Arquivo, Biblioteca e Museu do Litoral Paulista e Vale do Ribeira. O evento, que foi voltado a servidores p\u00fablicos municipais, incluindo profissionais que atuam em outras prefeituras da regi\u00e3o, ocorreu na Associa\u00e7\u00e3o Comercial de Santos.<\/p>\n<p>O intuito do encontro foi aperfei\u00e7oar o entendimento sobre a legisla\u00e7\u00e3o aplicada \u00e0 \u00e1rea de arquivo e capacitar servidores municipais na \u00e1rea de organiza\u00e7\u00e3o p\u00fablica e gest\u00e3o documental.<\/p>\n<\/p>\n<p>De acordo com o diretor-t\u00e9cnico da Fams, S\u00e9rgio Willians, o semin\u00e1rio tem o prop\u00f3sito de atualizar o servidor para a nova metodologia de arquivamento, que \u00e9 aplicada no Munic\u00edpio desde 2018.<\/p>\n<p>\u201cAt\u00e9 ano passado, t\u00ednhamos uma sistem\u00e1tica mais simples, entretanto, antiquada. O sistema utilizado era o mesmo desde 1908. Naquela \u00e9poca, eram menos atividades, menos secretarias. Hoje, a demanda requer outro tipo de trabalho\u201d.<\/p>\n<p>Durante todo o dia, foram apresentadas palestras com profissionais do Arquivo P\u00fablico do Estado de S\u00e3o Paulo e da Fams. \u201cOs documentos n\u00e3o s\u00e3o mais arquivados por ano, mas por tipologia. Esse \u00e9 um momento importante. Por isso , essa reuni\u00e3o para detalhar as novas regras e para que esses servidores presentes multipliquem essa metodologia que foi detalhada\u201d, explicou.<\/p>\n<p>O diretor lembra que todo documento tem um prazo. \u201cExistem os permanentes, que nunca podem ser descartados por quest\u00e3o de valoriza\u00e7\u00e3o hist\u00f3rica ou comprovante e existem aqueles com a validade por per\u00edodo. Na hora do descarte, aplicar essa nova metodologia facilita e muito\u201d .<\/p>\n<p>S\u00e9rgio Willians lembrou tamb\u00e9m que ajuda, principalmente, na hora do descarte. \u201cS\u00e3o muitos processos e documentos. Como o processo se torna mais pr\u00e1tico,  \u00e9 melhor\u201d.<\/p>\n<p>O semin\u00e1rio costuma ocorrer a cada dois anos e tem o a fun\u00e7\u00e3o de deixar os servidores a par das atualiza\u00e7\u00f5es no sistema de arquivamento.<\/p>\n<p><img loading=\"lazy\" decoding=\"async\" class=\" size-full wp-image-86058\" src=\"http:\/\/127.0.0.1\/acs\/wp-content\/uploads\/2019\/03\/WEB_2019_MARCO_FAMS-W_FAMS_0017.jpg\" width=\"570\" height=\"423\" srcset=\"https:\/\/acs.org.br\/academy\/wp-content\/uploads\/2019\/03\/WEB_2019_MARCO_FAMS-W_FAMS_0017.jpg 570w, https:\/\/acs.org.br\/academy\/wp-content\/uploads\/2019\/03\/WEB_2019_MARCO_FAMS-W_FAMS_0017-300x223.jpg 300w\" sizes=\"(max-width: 570px) 100vw, 570px\" \/><\/p>\n<p><img loading=\"lazy\" decoding=\"async\" class=\" size-full wp-image-86059\" src=\"http:\/\/127.0.0.1\/acs\/wp-content\/uploads\/2019\/03\/WEB_2019_MARCO_FAMS-W_FAMS_0023.jpg\" width=\"570\" height=\"428\" srcset=\"https:\/\/acs.org.br\/academy\/wp-content\/uploads\/2019\/03\/WEB_2019_MARCO_FAMS-W_FAMS_0023.jpg 570w, https:\/\/acs.org.br\/academy\/wp-content\/uploads\/2019\/03\/WEB_2019_MARCO_FAMS-W_FAMS_0023-300x225.jpg 300w\" sizes=\"(max-width: 570px) 100vw, 570px\" \/><\/p>\n<p><img loading=\"lazy\" decoding=\"async\" class=\" size-full wp-image-86060\" src=\"http:\/\/127.0.0.1\/acs\/wp-content\/uploads\/2019\/03\/WEB_2019_MARCO_FAMS-W_FAMS_0004.jpg\" width=\"570\" height=\"459\" srcset=\"https:\/\/acs.org.br\/academy\/wp-content\/uploads\/2019\/03\/WEB_2019_MARCO_FAMS-W_FAMS_0004.jpg 570w, https:\/\/acs.org.br\/academy\/wp-content\/uploads\/2019\/03\/WEB_2019_MARCO_FAMS-W_FAMS_0004-300x242.jpg 300w\" sizes=\"(max-width: 570px) 100vw, 570px\" \/><\/p>\n<p><img loading=\"lazy\" decoding=\"async\" class=\" size-full wp-image-86061\" src=\"http:\/\/127.0.0.1\/acs\/wp-content\/uploads\/2019\/03\/WEB_2019_MARCO_FAMS-W_FAMS_0037.jpg\" width=\"570\" height=\"469\" srcset=\"https:\/\/acs.org.br\/academy\/wp-content\/uploads\/2019\/03\/WEB_2019_MARCO_FAMS-W_FAMS_0037.jpg 570w, https:\/\/acs.org.br\/academy\/wp-content\/uploads\/2019\/03\/WEB_2019_MARCO_FAMS-W_FAMS_0037-300x247.jpg 300w\" sizes=\"(max-width: 570px) 100vw, 570px\" \/><\/p>\n<p><img loading=\"lazy\" decoding=\"async\" class=\" size-full wp-image-86062\" src=\"http:\/\/127.0.0.1\/acs\/wp-content\/uploads\/2019\/03\/WEB_2019_MARCO_FAMS-W_FAMS_0043.jpg\" width=\"570\" height=\"440\" srcset=\"https:\/\/acs.org.br\/academy\/wp-content\/uploads\/2019\/03\/WEB_2019_MARCO_FAMS-W_FAMS_0043.jpg 570w, https:\/\/acs.org.br\/academy\/wp-content\/uploads\/2019\/03\/WEB_2019_MARCO_FAMS-W_FAMS_0043-300x232.jpg 300w\" sizes=\"(max-width: 570px) 100vw, 570px\" \/><\/p>\n","protected":false},"excerpt":{"rendered":"<p>Fonte: Departamento de Comunica\u00e7\u00e3o da ACS A Funda\u00e7\u00e3o Arquivo e Mem\u00f3ria de Santos (Fams) realizou nesta quarta-feira (20) o 13\u00ba Semin\u00e1rio Regional de Mem\u00f3ria, Arquivo, Biblioteca e Museu do Litoral Paulista e Vale do Ribeira. O evento, que foi voltado a servidores p\u00fablicos municipais, incluindo profissionais que atuam em outras prefeituras da regi\u00e3o, ocorreu na [&hellip;]<\/p>\n","protected":false},"author":1,"featured_media":86057,"comment_status":"open","ping_status":"open","sticky":false,"template":"","format":"standard","meta":{"footnotes":""},"categories":[84],"tags":[],"_links":{"self":[{"href":"https:\/\/acs.org.br\/academy\/wp-json\/wp\/v2\/posts\/86063"}],"collection":[{"href":"https:\/\/acs.org.br\/academy\/wp-json\/wp\/v2\/posts"}],"about":[{"href":"https:\/\/acs.org.br\/academy\/wp-json\/wp\/v2\/types\/post"}],"author":[{"embeddable":true,"href":"https:\/\/acs.org.br\/academy\/wp-json\/wp\/v2\/users\/1"}],"replies":[{"embeddable":true,"href":"https:\/\/acs.org.br\/academy\/wp-json\/wp\/v2\/comments?post=86063"}],"version-history":[{"count":0,"href":"https:\/\/acs.org.br\/academy\/wp-json\/wp\/v2\/posts\/86063\/revisions"}],"wp:featuredmedia":[{"embeddable":true,"href":"https:\/\/acs.org.br\/academy\/wp-json\/wp\/v2\/media\/86057"}],"wp:attachment":[{"href":"https:\/\/acs.org.br\/academy\/wp-json\/wp\/v2\/media?parent=86063"}],"wp:term":[{"taxonomy":"category","embeddable":true,"href":"https:\/\/acs.org.br\/academy\/wp-json\/wp\/v2\/categories?post=86063"},{"taxonomy":"post_tag","embeddable":true,"href":"https:\/\/acs.org.br\/academy\/wp-json\/wp\/v2\/tags?post=86063"}],"curies":[{"name":"wp","href":"https:\/\/api.w.org\/{rel}","templated":true}]}}