{"id":86029,"date":"2019-03-18T11:48:57","date_gmt":"2019-03-18T14:48:57","guid":{"rendered":"http:\/\/127.0.0.1\/acs\/cidades-sustentaveis-e-objetivos-de-desenvolvimento-sustentavel-ods-serao-tema-de-evento-na-acs\/"},"modified":"2019-03-18T11:48:57","modified_gmt":"2019-03-18T14:48:57","slug":"cidades-sustentaveis-e-objetivos-de-desenvolvimento-sustentavel-ods-serao-tema-de-evento-na-acs","status":"publish","type":"post","link":"https:\/\/acs.org.br\/academy\/cidades-sustentaveis-e-objetivos-de-desenvolvimento-sustentavel-ods-serao-tema-de-evento-na-acs\/","title":{"rendered":"Cidades Sustent\u00e1veis e Objetivos de Desenvolvimento Sustent\u00e1vel (ODS) ser\u00e3o tema de evento na ACS"},"content":{"rendered":"<p>Fonte: Departamento de Comunica\u00e7\u00e3o da ACS<\/p>\n<p>Objetivo \u00e9 capacitar os profissionais que atuam na \u00e1rea de seguran\u00e7a, sa\u00fade e meio ambiente para o que \u00e9 sustentabilidade<\/p>\n<p>A Associa\u00e7\u00e3o Comercial de Santos (ACS) receber\u00e1 nesta quinta-feira (21), o evento &#8220;Cidades Sustent\u00e1veis e Objetivos de Desenvolvimento Sustent\u00e1vel&nbsp;(ODS)&#8221; promovido pela Prefeitura de Santos.&nbsp;<\/p>\n<p>Sob coordena\u00e7\u00e3o da Ouvidoria Municipal, a palestra tem como finalidade capacitar os profissionais que atuam na \u00e1rea de seguran\u00e7a, sa\u00fade e meio ambiente para o que \u00e9 sustentabilidade .&nbsp;&nbsp;<\/p>\n<p>O ouvidor p\u00fablico de Santos Rivaldo Santos&nbsp; explicou que ser\u00e3o apresentados dados em que n\u00edvel o munic\u00edpio est\u00e1 em termos de sustentabilidade com rela\u00e7\u00e3o \u00e0 Organiza\u00e7\u00e3o das A\u00e7\u00f5es Unidas (ONU).&nbsp;&nbsp;<\/p>\n<p>\u201cA Organiza\u00e7\u00e3o exige um&nbsp; n\u00famero determinado de \u00e1rea verde por habitante. Para fazer esse levantamento, capacitamos profissionais para que eles possam fazer a inclus\u00e3o desses dados.&nbsp; \u00c9 muito importante ressaltar que nos preocupamos em ter indicadores de credibilidade para avaliar a atual situa\u00e7\u00e3o do Munic\u00edpio. Por isso, sempre capacitamos nossos servidores\u201d.&nbsp;<\/p>\n<p>O evento ir\u00e1 ocorrer no audit\u00f3rio da Associa\u00e7\u00e3o Comercial de Santos, das 14h30 \u00e0s 16h30. A ACS fica&nbsp; na Rua XV de Novembro, 137, 1\u00ba andar, no Centro.<\/p>\n","protected":false},"excerpt":{"rendered":"<p>Fonte: Departamento de Comunica\u00e7\u00e3o da ACS Objetivo \u00e9 capacitar os profissionais que atuam na \u00e1rea de seguran\u00e7a, sa\u00fade e meio ambiente para o que \u00e9 sustentabilidade A Associa\u00e7\u00e3o Comercial de Santos (ACS) receber\u00e1 nesta quinta-feira (21), o evento &#8220;Cidades Sustent\u00e1veis e Objetivos de Desenvolvimento Sustent\u00e1vel&nbsp;(ODS)&#8221; promovido pela Prefeitura de Santos.&nbsp; Sob coordena\u00e7\u00e3o da Ouvidoria Municipal, [&hellip;]<\/p>\n","protected":false},"author":1,"featured_media":0,"comment_status":"open","ping_status":"open","sticky":false,"template":"","format":"standard","meta":{"footnotes":""},"categories":[84],"tags":[],"_links":{"self":[{"href":"https:\/\/acs.org.br\/academy\/wp-json\/wp\/v2\/posts\/86029"}],"collection":[{"href":"https:\/\/acs.org.br\/academy\/wp-json\/wp\/v2\/posts"}],"about":[{"href":"https:\/\/acs.org.br\/academy\/wp-json\/wp\/v2\/types\/post"}],"author":[{"embeddable":true,"href":"https:\/\/acs.org.br\/academy\/wp-json\/wp\/v2\/users\/1"}],"replies":[{"embeddable":true,"href":"https:\/\/acs.org.br\/academy\/wp-json\/wp\/v2\/comments?post=86029"}],"version-history":[{"count":0,"href":"https:\/\/acs.org.br\/academy\/wp-json\/wp\/v2\/posts\/86029\/revisions"}],"wp:attachment":[{"href":"https:\/\/acs.org.br\/academy\/wp-json\/wp\/v2\/media?parent=86029"}],"wp:term":[{"taxonomy":"category","embeddable":true,"href":"https:\/\/acs.org.br\/academy\/wp-json\/wp\/v2\/categories?post=86029"},{"taxonomy":"post_tag","embeddable":true,"href":"https:\/\/acs.org.br\/academy\/wp-json\/wp\/v2\/tags?post=86029"}],"curies":[{"name":"wp","href":"https:\/\/api.w.org\/{rel}","templated":true}]}}