{"id":86028,"date":"2019-03-18T08:48:23","date_gmt":"2019-03-18T11:48:23","guid":{"rendered":"http:\/\/127.0.0.1\/acs\/10a-semana-do-jovem-empreendedor-da-acs-segue-ate-quinta-feira-confira-a-programacao\/"},"modified":"2019-03-18T08:48:23","modified_gmt":"2019-03-18T11:48:23","slug":"10a-semana-do-jovem-empreendedor-da-acs-segue-ate-quinta-feira-confira-a-programacao","status":"publish","type":"post","link":"https:\/\/acs.org.br\/academy\/10a-semana-do-jovem-empreendedor-da-acs-segue-ate-quinta-feira-confira-a-programacao\/","title":{"rendered":"10\u00aa Semana do Jovem Empreendedor da ACS segue at\u00e9 quinta-feira; confira a programa\u00e7\u00e3o"},"content":{"rendered":"<p>Fonte: Departamento de Comunica\u00e7\u00e3o ACS<\/p>\n<p>A 10\u00aa edi\u00e7\u00e3o da Semana do Jovem Empreendedor, organizada pelo&nbsp; N\u00facleo de Jovens Empreendedores da Associa\u00e7\u00e3o Comercial de Santos (ACS),  segue at\u00e9 quinta-feira (21) com uma extensa programa\u00e7\u00e3o.<\/p>\n<p>A abertura do evento ocorreu na \u00faltima quinta-feira na Unisanta com a<strong> <a href=\"index.php?option=com_content&amp;view=article&amp;id=22098;2019-03-15-12-52-44&amp;catid=2;noticias&amp;Itemid=49\">palestra do presidente da fabricante de elevadores Ottis<\/a><\/strong>, J\u00falio Belinassi. <\/p>\n<p> Na sexta-feira, foi a vez do tema gastronomia. Os palestrantes foram Dario Costa  e Marcio Okumura. Ambos falaram de suas experi\u00eancias profissionais no mundo gastron\u00f4mico. <\/p>\n<p> A palestra de hoje ser\u00e1 &nbsp;Capitalismo Consciente &nbsp;com o palestrante Thomas Eckschmidt &#8211; CEO e Co-Fundador Resolvj\u00e1. O evento, que \u00e9 gratuito e aberto ao p\u00fablico, come\u00e7a \u00e0s 19 horas, na Unip. O endere\u00e7o Avenida Francisco Manoel, s\/n.<\/p>\n<p><b> <\/b><\/p>\n<p><b> <\/b><\/p>\n<p><b>Confira a programa\u00e7\u00e3o: <\/p>\n<p> <\/b><b>Dia 19\/03 &nbsp;(ter\u00e7a-feira) \u2013 Unimes &#8211; Avenida Conselheiro N\u00e9bias, 536<\/b><\/p>\n<p>Tema: Cl\u00ednicas M\u00e9dicas<\/p>\n<p>Hor\u00e1rio: 19h<\/p>\n<p>Mediador: Alexandre Catena Volpe<\/p>\n<p>Convidados:<\/p>\n<p>Beto Montoro &#8211; CEO e Co-fundador Dr. Benef\u00edcio<\/p>\n<p>Dr. Colombo Barbosa &#8211; Diretor Vis\u00e3o Laser<\/p>\n<p>&nbsp;<br \/><b>Dia 20\/03 (quarta-feira) \u2013 UniSantos &#8211; Avenida Conselheiro N\u00e9bias, 589\/595<\/b><\/p>\n<p>Tema: Fintech<\/p>\n<p>Hor\u00e1rio: 19h<\/p>\n<p>Mediadores: Prof. Elias Haddad &#8211; coordenador do curso de Administra\u00e7\u00e3o da UniSantos<\/p>\n<p>Convidados:<\/p>\n<p>Nathan Yoles &#8211; Head Sales Weel<\/p>\n<p>Rog\u00e9rio Melfi &#8211; Co-organizador de Meetups &nbsp;Fintechsp<\/p>\n<p>Prof. Jo\u00e3o Alfredo Gon\u00e7alves &#8211; Professor Universit\u00e1rio e consultor nas \u00e1reas de Tecnologia da Informa\u00e7\u00e3o, Gest\u00e3o de Neg\u00f3cios e Sistema da Informa\u00e7\u00e3o<\/p>\n<p><b><br \/> Dia 21\/03 &nbsp;(quinta-feira) \u2013 Strong Esags \u2013 Av. Conselheiro N\u00e9bias, 159<\/b><\/p>\n<p> Tema: Tecnologia de APP\u00b4s<\/p>\n<p>Hor\u00e1rio: 19h<\/p>\n<p>Mediador: Leandro Taveira<\/p>\n<p>Convidados:<\/p>\n<p>Eduardo Bittencourt &#8211; Spacemoon<\/p>\n<p>Marco Riveros &#8211; CEO Resolv Risk<\/p>\n<p>Matheus Catossi &#8211; Softaware Developer IBM<\/p>\n","protected":false},"excerpt":{"rendered":"<p>Fonte: Departamento de Comunica\u00e7\u00e3o ACS A 10\u00aa edi\u00e7\u00e3o da Semana do Jovem Empreendedor, organizada pelo&nbsp; N\u00facleo de Jovens Empreendedores da Associa\u00e7\u00e3o Comercial de Santos (ACS), segue at\u00e9 quinta-feira (21) com uma extensa programa\u00e7\u00e3o. A abertura do evento ocorreu na \u00faltima quinta-feira na Unisanta com a palestra do presidente da fabricante de elevadores Ottis, J\u00falio Belinassi. [&hellip;]<\/p>\n","protected":false},"author":1,"featured_media":86027,"comment_status":"open","ping_status":"open","sticky":false,"template":"","format":"standard","meta":{"footnotes":""},"categories":[84],"tags":[],"_links":{"self":[{"href":"https:\/\/acs.org.br\/academy\/wp-json\/wp\/v2\/posts\/86028"}],"collection":[{"href":"https:\/\/acs.org.br\/academy\/wp-json\/wp\/v2\/posts"}],"about":[{"href":"https:\/\/acs.org.br\/academy\/wp-json\/wp\/v2\/types\/post"}],"author":[{"embeddable":true,"href":"https:\/\/acs.org.br\/academy\/wp-json\/wp\/v2\/users\/1"}],"replies":[{"embeddable":true,"href":"https:\/\/acs.org.br\/academy\/wp-json\/wp\/v2\/comments?post=86028"}],"version-history":[{"count":0,"href":"https:\/\/acs.org.br\/academy\/wp-json\/wp\/v2\/posts\/86028\/revisions"}],"wp:featuredmedia":[{"embeddable":true,"href":"https:\/\/acs.org.br\/academy\/wp-json\/wp\/v2\/media\/86027"}],"wp:attachment":[{"href":"https:\/\/acs.org.br\/academy\/wp-json\/wp\/v2\/media?parent=86028"}],"wp:term":[{"taxonomy":"category","embeddable":true,"href":"https:\/\/acs.org.br\/academy\/wp-json\/wp\/v2\/categories?post=86028"},{"taxonomy":"post_tag","embeddable":true,"href":"https:\/\/acs.org.br\/academy\/wp-json\/wp\/v2\/tags?post=86028"}],"curies":[{"name":"wp","href":"https:\/\/api.w.org\/{rel}","templated":true}]}}