{"id":86019,"date":"2019-03-15T17:32:31","date_gmt":"2019-03-15T20:32:31","guid":{"rendered":"http:\/\/127.0.0.1\/acs\/edital-de-convocacao-assembleia-geral-ordinaria-2\/"},"modified":"2019-03-15T17:32:31","modified_gmt":"2019-03-15T20:32:31","slug":"edital-de-convocacao-assembleia-geral-ordinaria-2","status":"publish","type":"post","link":"https:\/\/acs.org.br\/academy\/edital-de-convocacao-assembleia-geral-ordinaria-2\/","title":{"rendered":"EDITAL DE CONVOCA\u00c7\u00c3O &#8211; ASSEMBL\u00c9IA GERAL ORDIN\u00c1RIA"},"content":{"rendered":"<p><strong>EDITAL DE CONVOCA\u00c7\u00c3O<\/strong><\/p>\n<p><strong>ASSEMBL\u00c9IA GERAL ORDIN\u00c1RIA<\/strong><\/p>\n<p><b> <\/b><\/p>\n<p>O Presidente da Diretoria Executiva da Associa\u00e7\u00e3o Comercial de Santos (ACS), sr. Roberto Clemente Santini, na conformidade do que preconiza o artigo 22, inciso II, combinado com o artigo 24 e seus par\u00e1grafos do Estatuto Social, convoca todos os associados efetivos, na forma definida pelo artigo 7\u00ba, inciso I do documento estatut\u00e1rio, para a Assembleia Geral Ordin\u00e1ria que&nbsp;ocorrer\u00e1 no dia 27 de mar\u00e7o de 2019, na Rua XV de Novembro 137 &#8211; 1\u00ba andar, Santos &#8211; Estado de S\u00e3o Paulo, na sede da entidade, &nbsp;\u00e0s <span style=\"text-decoration-line: underline;\">16 horas,<\/span> em primeira convoca\u00e7\u00e3o, ou em segunda convoca\u00e7\u00e3o, \u00e0s <span style=\"text-decoration-line: underline;\">16h30,<\/span> com a presen\u00e7a do qu\u00f3rum m\u00ednimo legal exigido estatutariamente, para tratar do seguinte:<\/p>\n<p align=\"center\"><b><br \/>ORDEM DO DIA<\/b><\/p>\n<p>I \u2013 Apresenta\u00e7\u00e3o do relat\u00f3rio anual de atividades da Diretoria Executiva do exerc\u00edcio de 2018.<\/p>\n<p>II \u2013 Leitura do relat\u00f3rio da auditoria e parecer do Conselho Fiscal.<\/p>\n<p>III \u2013 Apresenta\u00e7\u00e3o das contas da Diretoria Executiva do exerc\u00edcio de 2018.<\/p>\n<p>IV \u2013 Aprecia\u00e7\u00e3o da presta\u00e7\u00e3o de contas do exerc\u00edcio de 2018.<\/p>\n<p>Santos, 15 de mar\u00e7o de 2019.<\/p>\n<p><strong>Roberto Clemente Santini<\/strong><\/p>\n<p align=\"center\">Presidente<\/p>\n<p><strong>Obs.:&nbsp;Com o objetivo de facilitar o acesso pr\u00e9vio a todas as informa\u00e7\u00f5es que envolvem a Assembl\u00e9ia Ordin\u00e1ria do dia 27, est\u00e3o \u00e0 disposi\u00e7\u00e3o dos associados, na Controladoria da Associa\u00e7\u00e3o Comercial de Santos, sob a supervis\u00e3o do contador&nbsp;H\u00e9lio Bastos, das 9 horas \u00e0s 12 horas e das 14h30 \u00e0s 17h30, os seguintes documentos:<\/strong><\/p>\n<p><strong>1 &#8211;&nbsp;<\/strong><strong>Relat\u00f3rio de Atividades da Diretoria Executiva &#8211; Exerc\u00edcio de 2018.<\/strong><\/p>\n<p>2 &#8211; Relat\u00f3rio do Auditor Independente sobre as Demonstra\u00e7\u00f5es Cont\u00e1beis \u2013 Ano Base 2018 \u2013 incluindo o parecer da auditoria.<\/p>\n<p>3 &#8211;&nbsp;<strong>Relat\u00f3rio Circunstanciado dos Auditores Independentes sobre as demonstra\u00e7\u00f5es cont\u00e1beis do Exerc\u00edcio findo em 31 de dezembro de 2018, elaborado pela&nbsp;empresa Apply Auditores Associados.<\/strong><\/p>\n","protected":false},"excerpt":{"rendered":"<p>EDITAL DE CONVOCA\u00c7\u00c3O ASSEMBL\u00c9IA GERAL ORDIN\u00c1RIA O Presidente da Diretoria Executiva da Associa\u00e7\u00e3o Comercial de Santos (ACS), sr. Roberto Clemente Santini, na conformidade do que preconiza o artigo 22, inciso II, combinado com o artigo 24 e seus par\u00e1grafos do Estatuto Social, convoca todos os associados efetivos, na forma definida pelo artigo 7\u00ba, inciso I [&hellip;]<\/p>\n","protected":false},"author":1,"featured_media":0,"comment_status":"open","ping_status":"open","sticky":false,"template":"","format":"standard","meta":{"footnotes":""},"categories":[84],"tags":[],"_links":{"self":[{"href":"https:\/\/acs.org.br\/academy\/wp-json\/wp\/v2\/posts\/86019"}],"collection":[{"href":"https:\/\/acs.org.br\/academy\/wp-json\/wp\/v2\/posts"}],"about":[{"href":"https:\/\/acs.org.br\/academy\/wp-json\/wp\/v2\/types\/post"}],"author":[{"embeddable":true,"href":"https:\/\/acs.org.br\/academy\/wp-json\/wp\/v2\/users\/1"}],"replies":[{"embeddable":true,"href":"https:\/\/acs.org.br\/academy\/wp-json\/wp\/v2\/comments?post=86019"}],"version-history":[{"count":0,"href":"https:\/\/acs.org.br\/academy\/wp-json\/wp\/v2\/posts\/86019\/revisions"}],"wp:attachment":[{"href":"https:\/\/acs.org.br\/academy\/wp-json\/wp\/v2\/media?parent=86019"}],"wp:term":[{"taxonomy":"category","embeddable":true,"href":"https:\/\/acs.org.br\/academy\/wp-json\/wp\/v2\/categories?post=86019"},{"taxonomy":"post_tag","embeddable":true,"href":"https:\/\/acs.org.br\/academy\/wp-json\/wp\/v2\/tags?post=86019"}],"curies":[{"name":"wp","href":"https:\/\/api.w.org\/{rel}","templated":true}]}}