{"id":86013,"date":"2019-03-15T09:51:21","date_gmt":"2019-03-15T12:51:21","guid":{"rendered":"http:\/\/127.0.0.1\/acs\/10a-semana-do-jovem-empreendedor-da-acs-continua-nesta-sexta-feira\/"},"modified":"2019-03-15T09:51:21","modified_gmt":"2019-03-15T12:51:21","slug":"10a-semana-do-jovem-empreendedor-da-acs-continua-nesta-sexta-feira","status":"publish","type":"post","link":"https:\/\/acs.org.br\/academy\/10a-semana-do-jovem-empreendedor-da-acs-continua-nesta-sexta-feira\/","title":{"rendered":"10\u00aa Semana do Jovem Empreendedor da ACS continua nesta sexta-feira"},"content":{"rendered":"<p><i>Abertura ocorreu na noite de quinta-feira com a palestra do presidente da Ottis, J\u00falio Belinassi<\/i><\/p>\n<p>Fonte: Departamento de Comunica\u00e7\u00e3o da ACS<\/p>\n<p>Iniciada oficialmente na noite de quinta-feira (14), a 10\u00aa edi\u00e7\u00e3o da Semana do Jovem Empreendedor, organizada pelo&nbsp; N\u00facleo de Jovens Empreendedores da Associa\u00e7\u00e3o Comercial de Santos (ACS), lotou o audit\u00f3rio da Universidade Santa Cec\u00edlia &#8211; Unisanta.<\/p>\n<\/p>\n<p>Em seu discurso de abertura, o presidente da Associa\u00e7\u00e3o Comercial de Santos,&nbsp; Roberto Clemente Santini,&nbsp; falou sobre a import\u00e2ncia da iniciativa anual do n\u00facleo jovem.&nbsp; &#8220;Essa \u00e9 a 10\u00aa edi\u00e7\u00e3o e desde o ano passado h\u00e1 um dinamismo diferenciado, cumprindo principalmente a miss\u00e3o preliminar de reunir os jovens e formar novas lideran\u00e7as&#8221;.<\/p>\n<p>Santini destacou tamb\u00e9m que o meio universit\u00e1rio \u00e9 o local ideal para fomentar o debate de ideias e adquirir experi\u00eancias que, com certeza, contribuir\u00e3o para o desenvolvimento pessoal e profissional dos jovens e deu \u00eanfase ao conte\u00fado diversificado da 10\u00aa Semana do Jovem Empreendedor, assim como o n\u00edvel dos debatedores.<\/p>\n<p><img loading=\"lazy\" decoding=\"async\" class=\" size-full wp-image-85989\" src=\"http:\/\/127.0.0.1\/acs\/wp-content\/uploads\/2019\/03\/WEB_2019_MARCO_SEMANAJOVEM-14-W_SEMANAJOVEM-14_0053.jpg\" width=\"570\" height=\"413\" srcset=\"https:\/\/acs.org.br\/academy\/wp-content\/uploads\/2019\/03\/WEB_2019_MARCO_SEMANAJOVEM-14-W_SEMANAJOVEM-14_0053.jpg 570w, https:\/\/acs.org.br\/academy\/wp-content\/uploads\/2019\/03\/WEB_2019_MARCO_SEMANAJOVEM-14-W_SEMANAJOVEM-14_0053-300x217.jpg 300w\" sizes=\"(max-width: 570px) 100vw, 570px\" \/><\/p>\n<p>Em seguida, o coordenador do ACS Jovem, Marcelo Teixeira Filho abriu a 10\u00ba Semana do Jovem Empreendedor e disse em sua fala que a iniciativa do evento tem por finalidade o fomento e o incentivo ao empreendedorismo.<\/p>\n<p><img loading=\"lazy\" decoding=\"async\" class=\" size-full wp-image-85990\" src=\"http:\/\/127.0.0.1\/acs\/wp-content\/uploads\/2019\/03\/WEB_2019_MARCO_SEMANAJOVEM-14-W_SEMANAJOVEM-14_0073.jpg\" width=\"570\" height=\"428\" srcset=\"https:\/\/acs.org.br\/academy\/wp-content\/uploads\/2019\/03\/WEB_2019_MARCO_SEMANAJOVEM-14-W_SEMANAJOVEM-14_0073.jpg 570w, https:\/\/acs.org.br\/academy\/wp-content\/uploads\/2019\/03\/WEB_2019_MARCO_SEMANAJOVEM-14-W_SEMANAJOVEM-14_0073-300x225.jpg 300w\" sizes=\"(max-width: 570px) 100vw, 570px\" \/><\/p>\n<p>&#8220;Finalidade que, h\u00e1 11 anos, levou um grupo de jovens e empres\u00e1rios a criar o N\u00facleo Jovem da Associa\u00e7\u00e3o Comercial de Santos, entre eles &nbsp;o meu grande amigo Elias Haddad,&nbsp; o qual hoje orgulhosamente sou coordenador. Junto com meu grupo de colegas atuantes, realizamos diversos eventos, cursos, palestras, workshops para abrir novas perspectivas econ\u00f4micas na Baixada Santista\u201d.<\/p>\n<p>Marcelo Teixeira Filho lembrou que, por meio do empreendedorismo, \u00e9 poss\u00edvel gerar novos empregos, aquecer a economia da cidade e criar novas mudan\u00e7as no Brasil e no mundo.<\/p>\n<p>Ap\u00f3s a abertura solene, a ACS Jovem prestou homenagem ao presidente Roberto Clemente Santini em comemora\u00e7\u00e3o aos 10 anos do n\u00facleo. Santini recebeu uma placa de prata das m\u00e3os do coordenador Marcelo Teixeira Filho.<\/p>\n<p><img loading=\"lazy\" decoding=\"async\" class=\" size-full wp-image-85991\" src=\"http:\/\/127.0.0.1\/acs\/wp-content\/uploads\/2019\/03\/WEB_2019_MARCO_SEMANAJOVEM-14-W_SEMANAJOVEM-14_0079.jpg\" width=\"570\" height=\"490\" srcset=\"https:\/\/acs.org.br\/academy\/wp-content\/uploads\/2019\/03\/WEB_2019_MARCO_SEMANAJOVEM-14-W_SEMANAJOVEM-14_0079.jpg 570w, https:\/\/acs.org.br\/academy\/wp-content\/uploads\/2019\/03\/WEB_2019_MARCO_SEMANAJOVEM-14-W_SEMANAJOVEM-14_0079-300x258.jpg 300w\" sizes=\"(max-width: 570px) 100vw, 570px\" \/><\/p>\n<p><b>Apresenta\u00e7\u00e3o <\/b><\/p>\n<p>A palestra da noite desta quinta-feira ficou a cargo do presidente da fabricante de elevadores Ottis, J\u00falio Belinassi. Ele falou sobre tecnologia, inova\u00e7\u00e3o e transforma\u00e7\u00e3o.<\/p>\n<p>Belinassi enfatizou a mudan\u00e7a em dez anos das melhores empresas no mundo. Ele mostrou um estudo que apontou que, em 2008, a maioria das empresas se resumia em&nbsp; petroleiras ou grandes conglomerados industriais. \u201c\u00c9&nbsp; importante ressaltar que muitas delas eram centen\u00e1rias\u201d. Em 2018, onde pode-se considerar a maior revolu\u00e7\u00e3o tecnol\u00f3gica, de dez empresas, sete s\u00e3o de tecnologia digital.&nbsp; Empresas como Apple, Google, Microsoft e Facebook.<\/p>\n<p>&#8220;Qualquer neg\u00f3cio que voc\u00ea abrir ser\u00e1 necess\u00e1rio o uso da tecnologia. At\u00e9 uma simples padaria ou cafeteria. \u00c9 preciso se reinventar e acompanhar as mudan\u00e7as para n\u00e3o ser engolido pelo mercado&#8221;.<\/p>\n<p>O propriet\u00e1rio da Ottis contou que visitou uma empresa em Belo Horizonte e soube de um estande virtual para a venda de apartamentos populares.<\/p>\n<p><img loading=\"lazy\" decoding=\"async\" class=\" size-full wp-image-85992\" src=\"http:\/\/127.0.0.1\/acs\/wp-content\/uploads\/2019\/03\/WEB_2019_MARCO_SEMANAJOVEM-14-W_SEMANAJOVEM-14_0005.jpg\" width=\"570\" height=\"464\" srcset=\"https:\/\/acs.org.br\/academy\/wp-content\/uploads\/2019\/03\/WEB_2019_MARCO_SEMANAJOVEM-14-W_SEMANAJOVEM-14_0005.jpg 570w, https:\/\/acs.org.br\/academy\/wp-content\/uploads\/2019\/03\/WEB_2019_MARCO_SEMANAJOVEM-14-W_SEMANAJOVEM-14_0005-300x244.jpg 300w\" sizes=\"(max-width: 570px) 100vw, 570px\" \/><\/p>\n<p>&#8220;Quando a pessoa chegava para conhecer o im\u00f3vel eram feitas perguntas simples e b\u00e1sicas, tais &nbsp;como: &nbsp;se gostava de pets e de pizza. Ap\u00f3s isso,&nbsp; o visitante colocava um \u00f3culos de realidade virtual e via o apartamento exatamente com coisas de seu agrado.&nbsp; Via um gato ou um cachorro brincando na sala, uma pizza quentinha&#8221;. Conclus\u00e3o: foi constatado que as vendas feitas por meio dos \u00f3culos virtuais foram at\u00e9 30% maior do que as de estandes convencionais, onde mostram apartamentos apenas decorados.<\/p>\n<p><img loading=\"lazy\" decoding=\"async\" class=\" size-full wp-image-85993\" src=\"http:\/\/127.0.0.1\/acs\/wp-content\/uploads\/2019\/03\/WEB_2019_MARCO_SEMANAJOVEM-14-W_SEMANAJOVEM-14_0107.jpg\" width=\"570\" height=\"503\" srcset=\"https:\/\/acs.org.br\/academy\/wp-content\/uploads\/2019\/03\/WEB_2019_MARCO_SEMANAJOVEM-14-W_SEMANAJOVEM-14_0107.jpg 570w, https:\/\/acs.org.br\/academy\/wp-content\/uploads\/2019\/03\/WEB_2019_MARCO_SEMANAJOVEM-14-W_SEMANAJOVEM-14_0107-300x265.jpg 300w\" sizes=\"(max-width: 570px) 100vw, 570px\" \/><\/p>\n<p>Com rela\u00e7\u00e3o \u00e0 Ottis, empresa de elevadores, apesar de ser a maior no mercado e bem conceituada, Belinassi mostrou a preocupa\u00e7\u00e3o com a inova\u00e7\u00e3o. &#8220;J\u00e1 estamos com v\u00e1rios projetos para trazer benef\u00edcios e que una a tecnologia \u00e0 experi\u00eancia\u201d.<\/p>\n<p>Dois exemplos foram explicados por Belinassi. O primeiro \u00e9 que por meio do celular, utilizando um aplicativo para Android ou iPhone, quando a pessoa estiver se aproximando de casa, o elevador j\u00e1 pode ser acionado. \u201cIsso otimiza o tempo para a pessoa chegar em casa\u201d.<\/p>\n<p>O segundo exemplo citado foi sobre a manuten\u00e7\u00e3o preventiva. Tamb\u00e9m, por meio do celular,&nbsp; pode ser dado um diagn\u00f3stico de problemas futuros no elevador. &#8220;O aparelho \u00e9 colocado no ch\u00e3o do elevador e s\u00e3o feitas 10 viagens do t\u00e9rreo ao \u00faltimo andar.<\/p>\n<p><img loading=\"lazy\" decoding=\"async\" class=\" size-full wp-image-85994\" src=\"http:\/\/127.0.0.1\/acs\/wp-content\/uploads\/2019\/03\/WEB_2019_MARCO_SEMANAJOVEM-14-W_SEMANAJOVEM-14_0096.jpg\" width=\"570\" height=\"406\" srcset=\"https:\/\/acs.org.br\/academy\/wp-content\/uploads\/2019\/03\/WEB_2019_MARCO_SEMANAJOVEM-14-W_SEMANAJOVEM-14_0096.jpg 570w, https:\/\/acs.org.br\/academy\/wp-content\/uploads\/2019\/03\/WEB_2019_MARCO_SEMANAJOVEM-14-W_SEMANAJOVEM-14_0096-300x214.jpg 300w\" sizes=\"(max-width: 570px) 100vw, 570px\" \/><\/p>\n<p>Atrav\u00e9s do aplicativo s\u00e3o medidos os ru\u00eddos que podem mostrar que determinada porta n\u00e3o vai funcionar e com isso \u00e9 feita a interven\u00e7\u00e3o no equipamento, evitando problemas futuros\u201d.<\/p>\n<p>Al\u00e9m da tecnologia, outro destaque apontado por Belinazzi para fazer carreira \u00e9 saber o idioma ingl\u00eas. &#8220;Quem quer abrir seu leque e ter reconhecimento, precisa falar o ingl\u00eas. A l\u00edngua portuguesa s\u00f3 \u00e9 falada em 4% do mundo, ou seja, muito pouco para quem quer evoluir&#8221;.<\/p>\n<p>E, para finalizar, o empres\u00e1rio destacou a import\u00e2ncia de sonhar e utilizou a frase do economista Jo\u00e3o Paulo Leman: &#8220;Sonhar grande ou sonhar pequeno d\u00e1 o mesmo trabalho. Ent\u00e3o, sonhe grande&#8221;.<\/p>\n<p>A programa\u00e7\u00e3o da Semana do Jovem Empreendedor continua nesta sexta-feira (15) e segue at\u00e9 quinta-feira (21). O evento come\u00e7a sempre \u00e0s 19 horas.&nbsp; A participa\u00e7\u00e3o, que tem o patroc\u00ednio da Unimed Santos, Sicredi e G Pierotti, \u00e9 gratuita e aberta a qualquer a qualquer interessado.<\/p>\n<p><b>Confira a programa\u00e7\u00e3o:<\/b><\/p>\n<p><b>Dia 15\/03 &nbsp;(sexta-feira) \u2013 Senac Santos &#8211; Avenida Conselheiro N\u00e9bias, 309<\/b><\/p>\n<p>Tema: Gastronomia<\/p>\n<p>Hor\u00e1rio: 19h<\/p>\n<p>Mediador: Tatiane Martins<\/p>\n<p>Convidados:<\/p>\n<p>Dario Costa &#8211; Restaurante Mad\u00ea &amp; Participante Mastercheff<\/p>\n<p>Marcio Okumura &#8211; &nbsp;Restaurante Okumura e Sitio17<\/p>\n<p>\u00a0<\/p>\n<p><b>Dia 18\/03 (segunda-feira) \u2013 UNIP &nbsp;&#8211; &nbsp;Avenida Francisco Manoel, s\/n<\/b><\/p>\n<p>Tema: Capitalismo Consciente<\/p>\n<p>Hor\u00e1rio: 19h<\/p>\n<p>Mediador: Prof. Edson<\/p>\n<p>Convidado: Thomas Eckschmidt &#8211; CEO e Co-Fundador Resolvj\u00e1<\/p>\n<p>\u00a0<\/p>\n<p><b>Dia 19\/03 &nbsp;(ter\u00e7a-feira) \u2013 Unimes &#8211; Avenida Conselheiro N\u00e9bias, 536<\/b><\/p>\n<p>Tema: Cl\u00ednicas M\u00e9dicas<\/p>\n<p>Hor\u00e1rio: 19h<\/p>\n<p>Mediador: Alexandre Catena Volpe<\/p>\n<p>Convidados:<\/p>\n<p>Beto Montoro &#8211; CEO e Co-fundador Dr. Benef\u00edcio<\/p>\n<p>Dr. Colombo Barbosa &#8211; Diretor Vis\u00e3o Laser<\/p>\n<p>\u00a0<\/p>\n<p><b>Dia 20\/03 (quarta-feira) \u2013 UniSantos &#8211; Avenida Conselheiro N\u00e9bias, 589\/595<\/b><\/p>\n<p>Tema: Fintech<\/p>\n<p>Hor\u00e1rio: 19h<\/p>\n<p>Mediadores: Prof. Elias Haddad &#8211; coordenador do curso de Administra\u00e7\u00e3o da UniSantos<\/p>\n<p>Convidados:<\/p>\n<p>Nathan Yoles &#8211; Head Sales Weel<\/p>\n<p>Rog\u00e9rio Melfi &#8211; Co-organizador de Meetups &nbsp;Fintechsp<\/p>\n<p>Prof. Jo\u00e3o Alfredo Gon\u00e7alves &#8211; Professor Universit\u00e1rio e consultor nas \u00e1reas de Tecnologia da Informa\u00e7\u00e3o, Gest\u00e3o de Neg\u00f3cios e Sistema da Informa\u00e7\u00e3o<\/p>\n<p><b> <\/b><\/p>\n<p><b><br \/>Dia 21\/03 &nbsp;(quinta-feira) \u2013 Strong Esags \u2013 Av. Conselheiro N\u00e9bias, 159<\/b><\/p>\n<p>Tema: Tecnologia de APP\u00b4s<\/p>\n<p>Hor\u00e1rio: 19h<\/p>\n<p>Mediador: Leandro Taveira<\/p>\n<p>Convidados:<\/p>\n<p>Eduardo Bittencourt &#8211; Spacemoon<\/p>\n<p>Marco Riveros &#8211; CEO Resolv Risk<\/p>\n<p>Matheus Catossi &#8211; Softaware Developer IBM<\/p>\n<p><img loading=\"lazy\" decoding=\"async\" class=\" size-full wp-image-85995\" src=\"http:\/\/127.0.0.1\/acs\/wp-content\/uploads\/2019\/03\/WEB_2019_MARCO_SEMANAJOVEM-14-W_SEMANAJOVEM-14_0062.jpg\" width=\"570\" height=\"416\" srcset=\"https:\/\/acs.org.br\/academy\/wp-content\/uploads\/2019\/03\/WEB_2019_MARCO_SEMANAJOVEM-14-W_SEMANAJOVEM-14_0062.jpg 570w, https:\/\/acs.org.br\/academy\/wp-content\/uploads\/2019\/03\/WEB_2019_MARCO_SEMANAJOVEM-14-W_SEMANAJOVEM-14_0062-300x219.jpg 300w\" sizes=\"(max-width: 570px) 100vw, 570px\" \/><\/p>\n<p><img loading=\"lazy\" decoding=\"async\" class=\" size-full wp-image-85996\" src=\"http:\/\/127.0.0.1\/acs\/wp-content\/uploads\/2019\/03\/WEB_2019_MARCO_SEMANAJOVEM-14-W_SEMANAJOVEM-14_0018.jpg\" width=\"570\" height=\"481\" srcset=\"https:\/\/acs.org.br\/academy\/wp-content\/uploads\/2019\/03\/WEB_2019_MARCO_SEMANAJOVEM-14-W_SEMANAJOVEM-14_0018.jpg 570w, https:\/\/acs.org.br\/academy\/wp-content\/uploads\/2019\/03\/WEB_2019_MARCO_SEMANAJOVEM-14-W_SEMANAJOVEM-14_0018-300x253.jpg 300w\" sizes=\"(max-width: 570px) 100vw, 570px\" \/><\/p>\n<p><img loading=\"lazy\" decoding=\"async\" class=\" size-full wp-image-85997\" src=\"http:\/\/127.0.0.1\/acs\/wp-content\/uploads\/2019\/03\/WEB_2019_MARCO_SEMANAJOVEM-14-W_SEMANAJOVEM-14_0025.jpg\" width=\"570\" height=\"427\" srcset=\"https:\/\/acs.org.br\/academy\/wp-content\/uploads\/2019\/03\/WEB_2019_MARCO_SEMANAJOVEM-14-W_SEMANAJOVEM-14_0025.jpg 570w, https:\/\/acs.org.br\/academy\/wp-content\/uploads\/2019\/03\/WEB_2019_MARCO_SEMANAJOVEM-14-W_SEMANAJOVEM-14_0025-300x225.jpg 300w\" sizes=\"(max-width: 570px) 100vw, 570px\" \/><\/p>\n<p><img loading=\"lazy\" decoding=\"async\" class=\" size-full wp-image-85998\" src=\"http:\/\/127.0.0.1\/acs\/wp-content\/uploads\/2019\/03\/WEB_2019_MARCO_SEMANAJOVEM-14-W_SEMANAJOVEM-14_0038.jpg\" width=\"570\" height=\"405\" srcset=\"https:\/\/acs.org.br\/academy\/wp-content\/uploads\/2019\/03\/WEB_2019_MARCO_SEMANAJOVEM-14-W_SEMANAJOVEM-14_0038.jpg 570w, https:\/\/acs.org.br\/academy\/wp-content\/uploads\/2019\/03\/WEB_2019_MARCO_SEMANAJOVEM-14-W_SEMANAJOVEM-14_0038-300x213.jpg 300w\" sizes=\"(max-width: 570px) 100vw, 570px\" \/><\/p>\n<p><img loading=\"lazy\" decoding=\"async\" class=\" size-full wp-image-85999\" src=\"http:\/\/127.0.0.1\/acs\/wp-content\/uploads\/2019\/03\/WEB_2019_MARCO_SEMANAJOVEM-14-W_SEMANAJOVEM-14_0043.jpg\" width=\"570\" height=\"430\" srcset=\"https:\/\/acs.org.br\/academy\/wp-content\/uploads\/2019\/03\/WEB_2019_MARCO_SEMANAJOVEM-14-W_SEMANAJOVEM-14_0043.jpg 570w, https:\/\/acs.org.br\/academy\/wp-content\/uploads\/2019\/03\/WEB_2019_MARCO_SEMANAJOVEM-14-W_SEMANAJOVEM-14_0043-300x226.jpg 300w\" sizes=\"(max-width: 570px) 100vw, 570px\" \/><\/p>\n<p><img loading=\"lazy\" decoding=\"async\" class=\" size-full wp-image-86000\" src=\"http:\/\/127.0.0.1\/acs\/wp-content\/uploads\/2019\/03\/WEB_2019_MARCO_SEMANAJOVEM-14-W_SEMANAJOVEM-14_0047.jpg\" width=\"570\" height=\"397\" srcset=\"https:\/\/acs.org.br\/academy\/wp-content\/uploads\/2019\/03\/WEB_2019_MARCO_SEMANAJOVEM-14-W_SEMANAJOVEM-14_0047.jpg 570w, https:\/\/acs.org.br\/academy\/wp-content\/uploads\/2019\/03\/WEB_2019_MARCO_SEMANAJOVEM-14-W_SEMANAJOVEM-14_0047-300x209.jpg 300w\" sizes=\"(max-width: 570px) 100vw, 570px\" \/><\/p>\n<p><img loading=\"lazy\" decoding=\"async\" class=\" size-full wp-image-86001\" src=\"http:\/\/127.0.0.1\/acs\/wp-content\/uploads\/2019\/03\/WEB_2019_MARCO_SEMANAJOVEM-14-W_SEMANAJOVEM-14_0076.jpg\" width=\"570\" height=\"428\" srcset=\"https:\/\/acs.org.br\/academy\/wp-content\/uploads\/2019\/03\/WEB_2019_MARCO_SEMANAJOVEM-14-W_SEMANAJOVEM-14_0076.jpg 570w, https:\/\/acs.org.br\/academy\/wp-content\/uploads\/2019\/03\/WEB_2019_MARCO_SEMANAJOVEM-14-W_SEMANAJOVEM-14_0076-300x225.jpg 300w\" sizes=\"(max-width: 570px) 100vw, 570px\" \/><\/p>\n<p><img loading=\"lazy\" decoding=\"async\" class=\" size-full wp-image-86002\" src=\"http:\/\/127.0.0.1\/acs\/wp-content\/uploads\/2019\/03\/WEB_2019_MARCO_SEMANAJOVEM-14-W_SEMANAJOVEM-14_0080.jpg\" width=\"570\" height=\"449\" srcset=\"https:\/\/acs.org.br\/academy\/wp-content\/uploads\/2019\/03\/WEB_2019_MARCO_SEMANAJOVEM-14-W_SEMANAJOVEM-14_0080.jpg 570w, https:\/\/acs.org.br\/academy\/wp-content\/uploads\/2019\/03\/WEB_2019_MARCO_SEMANAJOVEM-14-W_SEMANAJOVEM-14_0080-300x236.jpg 300w\" sizes=\"(max-width: 570px) 100vw, 570px\" \/><\/p>\n<p><img loading=\"lazy\" decoding=\"async\" class=\" size-full wp-image-86003\" src=\"http:\/\/127.0.0.1\/acs\/wp-content\/uploads\/2019\/03\/WEB_2019_MARCO_SEMANAJOVEM-14-W_SEMANAJOVEM-14_0083.jpg\" width=\"570\" height=\"413\" srcset=\"https:\/\/acs.org.br\/academy\/wp-content\/uploads\/2019\/03\/WEB_2019_MARCO_SEMANAJOVEM-14-W_SEMANAJOVEM-14_0083.jpg 570w, https:\/\/acs.org.br\/academy\/wp-content\/uploads\/2019\/03\/WEB_2019_MARCO_SEMANAJOVEM-14-W_SEMANAJOVEM-14_0083-300x217.jpg 300w\" sizes=\"(max-width: 570px) 100vw, 570px\" \/><\/p>\n<p><img loading=\"lazy\" decoding=\"async\" class=\" size-full wp-image-86004\" src=\"http:\/\/127.0.0.1\/acs\/wp-content\/uploads\/2019\/03\/WEB_2019_MARCO_SEMANAJOVEM-14-W_SEMANAJOVEM-14_0087.jpg\" width=\"570\" height=\"447\" srcset=\"https:\/\/acs.org.br\/academy\/wp-content\/uploads\/2019\/03\/WEB_2019_MARCO_SEMANAJOVEM-14-W_SEMANAJOVEM-14_0087.jpg 570w, https:\/\/acs.org.br\/academy\/wp-content\/uploads\/2019\/03\/WEB_2019_MARCO_SEMANAJOVEM-14-W_SEMANAJOVEM-14_0087-300x235.jpg 300w\" sizes=\"(max-width: 570px) 100vw, 570px\" \/><\/p>\n<p><img loading=\"lazy\" decoding=\"async\" class=\" size-full wp-image-86005\" src=\"http:\/\/127.0.0.1\/acs\/wp-content\/uploads\/2019\/03\/WEB_2019_MARCO_SEMANAJOVEM-14-W_SEMANAJOVEM-14_0100.jpg\" width=\"570\" height=\"421\" srcset=\"https:\/\/acs.org.br\/academy\/wp-content\/uploads\/2019\/03\/WEB_2019_MARCO_SEMANAJOVEM-14-W_SEMANAJOVEM-14_0100.jpg 570w, https:\/\/acs.org.br\/academy\/wp-content\/uploads\/2019\/03\/WEB_2019_MARCO_SEMANAJOVEM-14-W_SEMANAJOVEM-14_0100-300x222.jpg 300w\" sizes=\"(max-width: 570px) 100vw, 570px\" \/><\/p>\n<p><img loading=\"lazy\" decoding=\"async\" class=\" size-full wp-image-86006\" src=\"http:\/\/127.0.0.1\/acs\/wp-content\/uploads\/2019\/03\/WEB_2019_MARCO_SEMANAJOVEM-14-W_SEMANAJOVEM-14_0105.jpg\" width=\"570\" height=\"457\" srcset=\"https:\/\/acs.org.br\/academy\/wp-content\/uploads\/2019\/03\/WEB_2019_MARCO_SEMANAJOVEM-14-W_SEMANAJOVEM-14_0105.jpg 570w, https:\/\/acs.org.br\/academy\/wp-content\/uploads\/2019\/03\/WEB_2019_MARCO_SEMANAJOVEM-14-W_SEMANAJOVEM-14_0105-300x241.jpg 300w\" sizes=\"(max-width: 570px) 100vw, 570px\" \/><\/p>\n<p><img loading=\"lazy\" decoding=\"async\" class=\" size-full wp-image-86007\" src=\"http:\/\/127.0.0.1\/acs\/wp-content\/uploads\/2019\/03\/WEB_2019_MARCO_SEMANAJOVEM-14-W_SEMANAJOVEM-14_0113.jpg\" width=\"570\" height=\"422\" srcset=\"https:\/\/acs.org.br\/academy\/wp-content\/uploads\/2019\/03\/WEB_2019_MARCO_SEMANAJOVEM-14-W_SEMANAJOVEM-14_0113.jpg 570w, https:\/\/acs.org.br\/academy\/wp-content\/uploads\/2019\/03\/WEB_2019_MARCO_SEMANAJOVEM-14-W_SEMANAJOVEM-14_0113-300x222.jpg 300w\" sizes=\"(max-width: 570px) 100vw, 570px\" \/><\/p>\n<p><img loading=\"lazy\" decoding=\"async\" class=\" size-full wp-image-86008\" src=\"http:\/\/127.0.0.1\/acs\/wp-content\/uploads\/2019\/03\/WEB_2019_MARCO_SEMANAJOVEM-14-W_SEMANAJOVEM-14_0133.jpg\" width=\"570\" height=\"424\" srcset=\"https:\/\/acs.org.br\/academy\/wp-content\/uploads\/2019\/03\/WEB_2019_MARCO_SEMANAJOVEM-14-W_SEMANAJOVEM-14_0133.jpg 570w, https:\/\/acs.org.br\/academy\/wp-content\/uploads\/2019\/03\/WEB_2019_MARCO_SEMANAJOVEM-14-W_SEMANAJOVEM-14_0133-300x223.jpg 300w\" sizes=\"(max-width: 570px) 100vw, 570px\" \/><\/p>\n<p><img loading=\"lazy\" decoding=\"async\" class=\" size-full wp-image-86009\" src=\"http:\/\/127.0.0.1\/acs\/wp-content\/uploads\/2019\/03\/WEB_2019_MARCO_SEMANAJOVEM-14-W_SEMANAJOVEM-14_0150.jpg\" width=\"570\" height=\"371\" srcset=\"https:\/\/acs.org.br\/academy\/wp-content\/uploads\/2019\/03\/WEB_2019_MARCO_SEMANAJOVEM-14-W_SEMANAJOVEM-14_0150.jpg 570w, https:\/\/acs.org.br\/academy\/wp-content\/uploads\/2019\/03\/WEB_2019_MARCO_SEMANAJOVEM-14-W_SEMANAJOVEM-14_0150-300x195.jpg 300w\" sizes=\"(max-width: 570px) 100vw, 570px\" \/><\/p>\n<p><img loading=\"lazy\" decoding=\"async\" class=\" size-full wp-image-86010\" src=\"http:\/\/127.0.0.1\/acs\/wp-content\/uploads\/2019\/03\/WEB_2019_MARCO_SEMANAJOVEM-14-W_SEMANAJOVEM-14_0152.jpg\" width=\"570\" height=\"384\" srcset=\"https:\/\/acs.org.br\/academy\/wp-content\/uploads\/2019\/03\/WEB_2019_MARCO_SEMANAJOVEM-14-W_SEMANAJOVEM-14_0152.jpg 570w, https:\/\/acs.org.br\/academy\/wp-content\/uploads\/2019\/03\/WEB_2019_MARCO_SEMANAJOVEM-14-W_SEMANAJOVEM-14_0152-300x202.jpg 300w\" sizes=\"(max-width: 570px) 100vw, 570px\" \/><\/p>\n<p><img loading=\"lazy\" decoding=\"async\" class=\" size-full wp-image-86011\" src=\"http:\/\/127.0.0.1\/acs\/wp-content\/uploads\/2019\/03\/WEB_2019_MARCO_SEMANAJOVEM-14-W_SEMANAJOVEM-14_0157.jpg\" width=\"570\" height=\"349\" srcset=\"https:\/\/acs.org.br\/academy\/wp-content\/uploads\/2019\/03\/WEB_2019_MARCO_SEMANAJOVEM-14-W_SEMANAJOVEM-14_0157.jpg 570w, https:\/\/acs.org.br\/academy\/wp-content\/uploads\/2019\/03\/WEB_2019_MARCO_SEMANAJOVEM-14-W_SEMANAJOVEM-14_0157-300x184.jpg 300w\" sizes=\"(max-width: 570px) 100vw, 570px\" \/><\/p>\n<p><img loading=\"lazy\" decoding=\"async\" class=\" size-full wp-image-86012\" src=\"http:\/\/127.0.0.1\/acs\/wp-content\/uploads\/2019\/03\/WEB_2019_MARCO_SEMANAJOVEM-14-W_SEMANAJOVEM-14_0158b.jpg\" width=\"570\" height=\"393\" srcset=\"https:\/\/acs.org.br\/academy\/wp-content\/uploads\/2019\/03\/WEB_2019_MARCO_SEMANAJOVEM-14-W_SEMANAJOVEM-14_0158b.jpg 570w, https:\/\/acs.org.br\/academy\/wp-content\/uploads\/2019\/03\/WEB_2019_MARCO_SEMANAJOVEM-14-W_SEMANAJOVEM-14_0158b-300x207.jpg 300w\" sizes=\"(max-width: 570px) 100vw, 570px\" \/><\/p>\n","protected":false},"excerpt":{"rendered":"<p>Abertura ocorreu na noite de quinta-feira com a palestra do presidente da Ottis, J\u00falio Belinassi Fonte: Departamento de Comunica\u00e7\u00e3o da ACS Iniciada oficialmente na noite de quinta-feira (14), a 10\u00aa edi\u00e7\u00e3o da Semana do Jovem Empreendedor, organizada pelo&nbsp; N\u00facleo de Jovens Empreendedores da Associa\u00e7\u00e3o Comercial de Santos (ACS), lotou o audit\u00f3rio da Universidade Santa Cec\u00edlia [&hellip;]<\/p>\n","protected":false},"author":1,"featured_media":85988,"comment_status":"open","ping_status":"open","sticky":false,"template":"","format":"standard","meta":{"footnotes":""},"categories":[84],"tags":[],"_links":{"self":[{"href":"https:\/\/acs.org.br\/academy\/wp-json\/wp\/v2\/posts\/86013"}],"collection":[{"href":"https:\/\/acs.org.br\/academy\/wp-json\/wp\/v2\/posts"}],"about":[{"href":"https:\/\/acs.org.br\/academy\/wp-json\/wp\/v2\/types\/post"}],"author":[{"embeddable":true,"href":"https:\/\/acs.org.br\/academy\/wp-json\/wp\/v2\/users\/1"}],"replies":[{"embeddable":true,"href":"https:\/\/acs.org.br\/academy\/wp-json\/wp\/v2\/comments?post=86013"}],"version-history":[{"count":0,"href":"https:\/\/acs.org.br\/academy\/wp-json\/wp\/v2\/posts\/86013\/revisions"}],"wp:featuredmedia":[{"embeddable":true,"href":"https:\/\/acs.org.br\/academy\/wp-json\/wp\/v2\/media\/85988"}],"wp:attachment":[{"href":"https:\/\/acs.org.br\/academy\/wp-json\/wp\/v2\/media?parent=86013"}],"wp:term":[{"taxonomy":"category","embeddable":true,"href":"https:\/\/acs.org.br\/academy\/wp-json\/wp\/v2\/categories?post=86013"},{"taxonomy":"post_tag","embeddable":true,"href":"https:\/\/acs.org.br\/academy\/wp-json\/wp\/v2\/tags?post=86013"}],"curies":[{"name":"wp","href":"https:\/\/api.w.org\/{rel}","templated":true}]}}